{"id":228195,"date":"2013-04-27T17:15:54","date_gmt":"2013-04-27T14:15:54","guid":{"rendered":"https:\/\/analyse.optim.biz\/?p=228195"},"modified":"2013-04-27T17:15:54","modified_gmt":"2013-04-27T14:15:54","slug":"un-an-de-la-caderea-guvernului-ungureanu-bilantul-unui-an-tumultuos","status":"publish","type":"post","link":"https:\/\/analyse.optim.biz\/?p=228195","title":{"rendered":"Un an de la c\u0103derea Guvernului Ungureanu. Bilan\u021bul unui an tumultuos"},"content":{"rendered":"<div class=\"entry data-app-meta data-app-meta-article\" data-embed-base-url-canonical=\"https:\/\/www.digi24.ro\/embed\/stiri\/actualitate\/politica\/un-an-de-la-caderea-guvernului-ungureanu-bilantul-unui-an-tumultuos-69030\">\n<p data-index=\"1\">Aprilie 2012: PDL era la guvernare, al\u0103turi de UNPR \u015fi UDMR. \u015eeful Executivului, Mihai R\u0103zvan Ungureanu, era v\u0103zut ca viitorul candidat al dreptei la pre\u015fedin\u0163ie. Dar mo\u0163iunea de cenzur\u0103 votat\u0103 de Parlament pe 27 aprilie a declan\u015fat declinul fostului partid de guvern\u0103m\u00e2nt.<\/p>\n<p data-index=\"2\">\u201eO victorie a\u015fa cum am spus a traseismului \u015fi a lipsei de caracter \u00een politic\u0103\u201d, declara Emil boc \u00een 27 aprilie anul trecut.<\/p>\n<p data-index=\"3\">\u00cenainte de jum\u0103tatea anului trecut, PDL a ajuns \u00een opozi\u0163ie, iar Victor Ponta a fost numit premier.<\/p>\n<p data-index=\"4\">\u201e\u0218ampanie nu-i. Domnul prim-ministru, ave\u0163i cumva idee, a mai r\u0103mas vreun PDL-ist, c\u0103 v\u0103d o doamn\u0103 \u00een portocaliu acolo\u201d, spunea Traian B\u0103sescu \u00een 7 mai 2012.<\/p>\n<p data-index=\"5\">Alegerile locale din iunie 2012 marcheaz\u0103 primul e\u015fec al PDL, care reu\u015fe\u015fte s\u0103 c\u00e2\u015ftige \u00een doar dou\u0103 jude\u0163e. Urm\u0103toarea confruntare electoral\u0103, de la referendumul de demitere a pre\u015fedintelui Traian B\u0103sescu, aduce o speran\u0163\u0103 \u00een tab\u0103ra PDL.<\/p>\n<p data-index=\"6\">\u201eFlac\u0103ra democra\u0163iei a r\u0103mas aprins\u0103. Rom\u00e2nii au respins lovitura de stat a celor 256 de parlamentari\u201d, declara pre\u0219edintele \u00een 29 iulie anul trecut.<\/p>\n<p data-index=\"7\">Apropierea alegerilor parlamentare duce la o reconfigurare a scenei politice. UNPR renun\u0163\u0103 la alian\u0163a cu PDL \u015fi trece de partea PSD. PDL, cu Vasile Blaga pre\u015fedinte, formeaz\u0103 Alian\u0163a Rom\u00e2nia Dreapt\u0103, din care fac parte \u015fi For\u0163a Civic\u0103, partidul fostului premier Mihai R\u0103zvan Ungureanu, \u015fi PN\u0162CD. Alian\u0163a ob\u0163ine \u00eens\u0103 rezultate modeste la parlamentare \u015fi se dizolv\u0103 imediat dup\u0103 alegeri. Apoi, PDL trece \u015fi printr-o lupt\u0103 intern\u0103 \u00eentre Vasile Blaga \u015fi Elena Udrea, \u00een care intervine \u015fi pre\u015fedintele Traian B\u0103sescu.<\/p>\n<p data-index=\"8\">\u201eAdio, PDL. Ne-am desp\u0103r\u021bit definitiv\u201d, spunea Traian B\u0103sescu \u00een 24 martie anul acesta.<\/p>\n<p data-index=\"9\">Victoria lui Vasile Blaga aduce partidul \u00een pragul sciziunii. \u00cen plus, apare \u015fi Mi\u015fcarea Popular\u0103, o funda\u0163ie ini\u0163iat\u0103 de fo\u015fti mini\u015ftri ai guvernelor PDL \u015fi sus\u0163inut\u0103 de pre\u015fedintele Traian B\u0103sescu.<\/p>\n<p data-index=\"10\">Acum, Mihai R\u0103zvan Ungureanu conduce un partid care are doar patru parlamentari. O parte din fo\u015ftii s\u0103i mini\u015ftri sunt consilieri preziden\u0163iali \u015fi fondatori ai Mi\u015fc\u0103rii Populare.\u00a0<\/p>\n<\/div>\n<p> Source URL: https:\/\/www.digi24.ro\/stiri\/actualitate\/politica\/un-an-de-la-caderea-guvernului-ungureanu-bilantul-unui-an-tumultuos-69030<\/p>\n","protected":false},"excerpt":{"rendered":"<p>Aprilie 2012: PDL era la guvernare, al\u0103turi de UNPR \u015fi UDMR. \u015eeful Executivului, Mihai R\u0103zvan Ungureanu, era v\u0103zut ca viitorul candidat al dreptei la pre\u015fedin\u0163ie. Dar mo\u0163iunea de cenzur\u0103 votat\u0103 de Parlament pe 27 aprilie a declan\u015fat declinul fostului partid de guvern\u0103m\u00e2nt. \u201eO victorie a\u015fa cum am spus a traseismului \u015fi a lipsei de caracter [&hellip;]<\/p>\n","protected":false},"author":1,"featured_media":228196,"comment_status":"open","ping_status":"","sticky":false,"template":"","format":"standard","meta":{"footnotes":""},"categories":[2],"tags":[11],"class_list":["post-228195","post","type-post","status-publish","format-standard","has-post-thumbnail","hentry","category-politics","tag-digi24"],"_links":{"self":[{"href":"https:\/\/analyse.optim.biz\/index.php?rest_route=\/wp\/v2\/posts\/228195","targetHints":{"allow":["GET"]}}],"collection":[{"href":"https:\/\/analyse.optim.biz\/index.php?rest_route=\/wp\/v2\/posts"}],"about":[{"href":"https:\/\/analyse.optim.biz\/index.php?rest_route=\/wp\/v2\/types\/post"}],"author":[{"embeddable":true,"href":"https:\/\/analyse.optim.biz\/index.php?rest_route=\/wp\/v2\/users\/1"}],"replies":[{"embeddable":true,"href":"https:\/\/analyse.optim.biz\/index.php?rest_route=%2Fwp%2Fv2%2Fcomments&post=228195"}],"version-history":[{"count":0,"href":"https:\/\/analyse.optim.biz\/index.php?rest_route=\/wp\/v2\/posts\/228195\/revisions"}],"wp:featuredmedia":[{"embeddable":true,"href":"https:\/\/analyse.optim.biz\/index.php?rest_route=\/wp\/v2\/media\/228196"}],"wp:attachment":[{"href":"https:\/\/analyse.optim.biz\/index.php?rest_route=%2Fwp%2Fv2%2Fmedia&parent=228195"}],"wp:term":[{"taxonomy":"category","embeddable":true,"href":"https:\/\/analyse.optim.biz\/index.php?rest_route=%2Fwp%2Fv2%2Fcategories&post=228195"},{"taxonomy":"post_tag","embeddable":true,"href":"https:\/\/analyse.optim.biz\/index.php?rest_route=%2Fwp%2Fv2%2Ftags&post=228195"}],"curies":[{"name":"wp","href":"https:\/\/api.w.org\/{rel}","templated":true}]}}