{"id":228181,"date":"2013-04-28T16:14:42","date_gmt":"2013-04-28T13:14:42","guid":{"rendered":"https:\/\/analyse.optim.biz\/?p=228181"},"modified":"2013-04-28T16:14:42","modified_gmt":"2013-04-28T13:14:42","slug":"pdl-nu-crede-in-laudele-presedintelui-opozitia-spune-ca-victor-ponta-nu-merita-elogii","status":"publish","type":"post","link":"https:\/\/analyse.optim.biz\/?p=228181","title":{"rendered":"PDL nu crede \u00een laudele pre\u0219edintelui. Opozi\u021bia spune c\u0103 Victor Ponta nu merit\u0103 elogii"},"content":{"rendered":"<div class=\"entry data-app-meta data-app-meta-article\" data-embed-base-url-canonical=\"https:\/\/www.digi24.ro\/embed\/stiri\/actualitate\/politica\/pdl-nu-crede-in-laudele-presedintelui-opozitia-spune-ca-victor-ponta-nu-merita-elogii-69308\">\n<p data-index=\"1\">Fostul premier Emil Boc crede c\u0103 Victor Ponta r\u0103m\u00eene corigent la capitolul m\u0103suri economice. \u201eDac\u0103 Ponta poate avea un merit, este c\u0103 nu a stricat ceea ce am f\u0103cut noi. Dar dac\u0103 ne uit\u0103m cu ochi lucizi la ce face \u00een afar\u0103 de asta, putem constata un mare zero absolut\u201d.<\/p>\n<p data-index=\"2\">Fostul premier Mihai R\u0103zvan Ungureanu e de p\u0103rere c\u0103 a\u015fa-zisele elogii ale pre\u015fedintelui sunt, \u00een realitate, o form\u0103 aparte de ironie. \u201eC\u00e2nd lauzi pe cineva c\u0103 nu a f\u0103cut r\u0103u, nu e laud\u0103. Lauzi repetentul c\u0103 a venit la ore (\u2026) c\u0103 a venit la extemporal \u015fi a luat nota 3. E o ironie foarte groas\u0103. Ponta \u00een\u0163elege mai greu umorul pre\u015fedintelui. Domnul pre\u015fedinte nu l-a l\u0103udat, s\u0103 fie clar, a avut o adresare extrem de ironic\u0103 la adresa domnului Ponta&#8221;.<\/p>\n<p data-index=\"3\">Pre\u015fedintele Traian B\u0103sescu aprecia drept stabil\u0103 situa\u0163ia economic\u0103 a Rom\u00e2niei,\u00a0<a href=\"https:\/\/www.digi24.ro\/stire\/Traian-Basescu-Dupa-ce-a-preluat-guvernarea-mi-a-fost-teama-ca-Ponta-ar-fi-putut-sa-ia-masuri_99213\" data-skip-linkfix=\"1\">motiv pentru care s-a ar\u0103tat recunosc\u0103tor actualului Cabinet.<\/a><\/p>\n<p data-index=\"4\">\u015eeful statului a mai avut \u015fi alt\u0103dat\u0103 asemenea cuvinte de laud\u0103 la adresa lui Victor Ponta. \u201ePremierul a fost un partener corect \u00een rela\u0163ia cu mine. Victor Ponta reu\u015fe\u015fte, ceea ce, m\u0103rturisesc, nu am crezut c\u0103 se va \u00eent\u00e2mpla foarte cur\u00e2nd, s\u0103 \u00een\u0163eleag\u0103 responsabilitatea unei func\u0163ii at\u00e2t de \u00eenalte\u201d,\u00a0<a href=\"https:\/\/www.digi24.ro\/stire\/Evolutia-lui-Victor-Ponta-in-ochii-presedintelui-Traian-Basescu-De-la-mitoman-la-un-partener-corect_95251\" data-skip-linkfix=\"1\">a spus el la Digi24 la 11 aprilie.<\/a><\/p>\n<p data-index=\"5\">Rela\u0163ia pre\u015fedintelui cu premierul a cunoscut \u00eens\u0103 \u015fi momente tensionate, mai ales anul trecut. Odat\u0103 \u00eens\u0103 cu \u00eenvestirea celui de-al doilea Cabinet Ponta, pre\u015fedintele \u015fi prim-ministrul au \u00eencheiat un acord de coabitare.<\/p>\n<\/div>\n<p> Source URL: https:\/\/www.digi24.ro\/stiri\/actualitate\/politica\/pdl-nu-crede-in-laudele-presedintelui-opozitia-spune-ca-victor-ponta-nu-merita-elogii-69308<\/p>\n","protected":false},"excerpt":{"rendered":"<p>Fostul premier Emil Boc crede c\u0103 Victor Ponta r\u0103m\u00eene corigent la capitolul m\u0103suri economice. \u201eDac\u0103 Ponta poate avea un merit, este c\u0103 nu a stricat ceea ce am f\u0103cut noi. Dar dac\u0103 ne uit\u0103m cu ochi lucizi la ce face \u00een afar\u0103 de asta, putem constata un mare zero absolut\u201d. Fostul premier Mihai R\u0103zvan Ungureanu [&hellip;]<\/p>\n","protected":false},"author":1,"featured_media":228182,"comment_status":"open","ping_status":"","sticky":false,"template":"","format":"standard","meta":{"footnotes":""},"categories":[2],"tags":[11],"class_list":["post-228181","post","type-post","status-publish","format-standard","has-post-thumbnail","hentry","category-politics","tag-digi24"],"_links":{"self":[{"href":"https:\/\/analyse.optim.biz\/index.php?rest_route=\/wp\/v2\/posts\/228181","targetHints":{"allow":["GET"]}}],"collection":[{"href":"https:\/\/analyse.optim.biz\/index.php?rest_route=\/wp\/v2\/posts"}],"about":[{"href":"https:\/\/analyse.optim.biz\/index.php?rest_route=\/wp\/v2\/types\/post"}],"author":[{"embeddable":true,"href":"https:\/\/analyse.optim.biz\/index.php?rest_route=\/wp\/v2\/users\/1"}],"replies":[{"embeddable":true,"href":"https:\/\/analyse.optim.biz\/index.php?rest_route=%2Fwp%2Fv2%2Fcomments&post=228181"}],"version-history":[{"count":0,"href":"https:\/\/analyse.optim.biz\/index.php?rest_route=\/wp\/v2\/posts\/228181\/revisions"}],"wp:featuredmedia":[{"embeddable":true,"href":"https:\/\/analyse.optim.biz\/index.php?rest_route=\/wp\/v2\/media\/228182"}],"wp:attachment":[{"href":"https:\/\/analyse.optim.biz\/index.php?rest_route=%2Fwp%2Fv2%2Fmedia&parent=228181"}],"wp:term":[{"taxonomy":"category","embeddable":true,"href":"https:\/\/analyse.optim.biz\/index.php?rest_route=%2Fwp%2Fv2%2Fcategories&post=228181"},{"taxonomy":"post_tag","embeddable":true,"href":"https:\/\/analyse.optim.biz\/index.php?rest_route=%2Fwp%2Fv2%2Ftags&post=228181"}],"curies":[{"name":"wp","href":"https:\/\/api.w.org\/{rel}","templated":true}]}}