{"id":228101,"date":"2013-04-29T16:28:06","date_gmt":"2013-04-29T13:28:06","guid":{"rendered":"https:\/\/analyse.optim.biz\/?p=228101"},"modified":"2013-04-29T16:28:06","modified_gmt":"2013-04-29T13:28:06","slug":"angajarea-raspunderii-incerta-guvernul-insista-pe-acordul-opozitiei-pentru-legea-regionalizarii","status":"publish","type":"post","link":"https:\/\/analyse.optim.biz\/?p=228101","title":{"rendered":"Angajarea r\u0103spunderii, incert\u0103. Guvernul insist\u0103 pe acordul opozi\u0163iei pentru legea regionaliz\u0103rii"},"content":{"rendered":"<div class=\"entry data-app-meta data-app-meta-article\" data-embed-base-url-canonical=\"https:\/\/www.digi24.ro\/embed\/stiri\/actualitate\/politica\/angajarea-raspunderii-incerta-guvernul-insista-pe-acordul-opozitiei-pentru-legea-regionalizarii-69566\">\n<p data-index=\"1\">Premierul Victor Ponta a explicat c\u0103 va apela la solu\u0163ia asum\u0103rii r\u0103spunderii pe tema regionaliz\u0103rii doar \u00een momentul \u00een care va exist\u0103 sprijin politic pentru aceast\u0103 variant\u0103.<\/p>\n<p data-index=\"2\">\u201eNu vom avea angajarea r\u0103spunderii Guvernului pe legea regionaliz\u0103rii dec\u00e2t dac\u0103 exist\u0103 un acord cu toate for\u0163ele politice din Parlament\u201d, a declarat Victor Ponta.<\/p>\n<p data-index=\"3\">Liderii UDMR au anun\u0163at deja c\u0103 Uniunea se opune categoric promov\u0103rii unei legi at\u00e2t de importante f\u0103r\u0103 dezbatere \u00een Parlament.<\/p>\n<p data-index=\"4\">\u201eNoi, la modificarea Constitu\u0163iei, vom propune s\u0103 se desfiin\u0163eze aceast\u0103 posibilitate de asumare a r\u0103spunderii, care, practic, ocole\u015fte Parlamentul. Noi refuz\u0103m aceast\u0103 posibilitate \u015fi n-o s\u0103 fim de acord, e clar, o spun de acum, \u00een orice variant\u0103\u201d, a spus Laszlo Borbely, prin telefon, la RFI.<\/p>\n<p data-index=\"5\">\u201eN-au v\u0103zut forma. S-ar putea s\u0103 nu se opun\u0103\u201d, a mai spus victor Ponta.<\/p>\n<p data-index=\"6\">\u015ei democrat-liberalii au anun\u0163at c\u0103 sunt \u00eempotiva procedurii angaj\u0103rii r\u0103spunerii pentru legea reorganiz\u0103rii teritoriale.<\/p>\n<p data-index=\"7\">\u201eEste revolt\u0103tor ca o coali\u021bie care are 70 la sut\u0103 stabile\u0219te procedura tehnic\u0103 din care ar dori s\u0103 valideze un act normativ at\u00e2t de important, \u00eenainte de a spune rom\u00e2nilor cum vede aceast\u0103 reorganizare administrativ-teritorial\u0103\u201d, a afirmat Vasile Blaga.<\/p>\n<p data-index=\"8\">Premierul \u00eens\u0103 nici nu ia \u00een calcul o negociere pe aceast\u0103 tem\u0103 cu PDL, a\u015fa cum n-a f\u0103cut-o nici pentru legea retroced\u0103rilor.<\/p>\n<p data-index=\"9\">Victor Ponta a mai dat asigur\u0103ri c\u0103 nu va exista un proiect de lege pe tema \u00eemp\u0103r\u0163irii adminitratriv-teritoriale \u00een regiuni, p\u00e2n\u0103 c\u00e2nd nu va fi revizuit\u0103 Constitu\u0163ia.\u00a0<\/p>\n<\/div>\n<p> Source URL: https:\/\/www.digi24.ro\/stiri\/actualitate\/politica\/angajarea-raspunderii-incerta-guvernul-insista-pe-acordul-opozitiei-pentru-legea-regionalizarii-69566<\/p>\n","protected":false},"excerpt":{"rendered":"<p>Premierul Victor Ponta a explicat c\u0103 va apela la solu\u0163ia asum\u0103rii r\u0103spunderii pe tema regionaliz\u0103rii doar \u00een momentul \u00een care va exist\u0103 sprijin politic pentru aceast\u0103 variant\u0103. \u201eNu vom avea angajarea r\u0103spunderii Guvernului pe legea regionaliz\u0103rii dec\u00e2t dac\u0103 exist\u0103 un acord cu toate for\u0163ele politice din Parlament\u201d, a declarat Victor Ponta. Liderii UDMR au anun\u0163at [&hellip;]<\/p>\n","protected":false},"author":1,"featured_media":228102,"comment_status":"open","ping_status":"","sticky":false,"template":"","format":"standard","meta":{"footnotes":""},"categories":[2],"tags":[11],"class_list":["post-228101","post","type-post","status-publish","format-standard","has-post-thumbnail","hentry","category-politics","tag-digi24"],"_links":{"self":[{"href":"https:\/\/analyse.optim.biz\/index.php?rest_route=\/wp\/v2\/posts\/228101","targetHints":{"allow":["GET"]}}],"collection":[{"href":"https:\/\/analyse.optim.biz\/index.php?rest_route=\/wp\/v2\/posts"}],"about":[{"href":"https:\/\/analyse.optim.biz\/index.php?rest_route=\/wp\/v2\/types\/post"}],"author":[{"embeddable":true,"href":"https:\/\/analyse.optim.biz\/index.php?rest_route=\/wp\/v2\/users\/1"}],"replies":[{"embeddable":true,"href":"https:\/\/analyse.optim.biz\/index.php?rest_route=%2Fwp%2Fv2%2Fcomments&post=228101"}],"version-history":[{"count":0,"href":"https:\/\/analyse.optim.biz\/index.php?rest_route=\/wp\/v2\/posts\/228101\/revisions"}],"wp:featuredmedia":[{"embeddable":true,"href":"https:\/\/analyse.optim.biz\/index.php?rest_route=\/wp\/v2\/media\/228102"}],"wp:attachment":[{"href":"https:\/\/analyse.optim.biz\/index.php?rest_route=%2Fwp%2Fv2%2Fmedia&parent=228101"}],"wp:term":[{"taxonomy":"category","embeddable":true,"href":"https:\/\/analyse.optim.biz\/index.php?rest_route=%2Fwp%2Fv2%2Fcategories&post=228101"},{"taxonomy":"post_tag","embeddable":true,"href":"https:\/\/analyse.optim.biz\/index.php?rest_route=%2Fwp%2Fv2%2Ftags&post=228101"}],"curies":[{"name":"wp","href":"https:\/\/api.w.org\/{rel}","templated":true}]}}