{"id":227932,"date":"2013-05-09T00:46:02","date_gmt":"2013-05-08T21:46:02","guid":{"rendered":"https:\/\/analyse.optim.biz\/?p=227932"},"modified":"2013-05-09T00:46:02","modified_gmt":"2013-05-08T21:46:02","slug":"traian-basescu-ne-trebuie-un-guvern-competent-care-sa-genereze-crestere-economica-si-locuri-de-munca","status":"publish","type":"post","link":"https:\/\/analyse.optim.biz\/?p=227932","title":{"rendered":"Traian B\u0103sescu: Ne trebuie un guvern competent, care s\u0103 genereze cre\u015ftere economic\u0103 \u015fi locuri de munc\u0103"},"content":{"rendered":"<div class=\"entry data-app-meta data-app-meta-article\" data-embed-base-url-canonical=\"https:\/\/www.digi24.ro\/embed\/stiri\/actualitate\/politica\/traian-basescu-ne-trebuie-un-guvern-competent-care-sa-genereze-crestere-economica-si-locuri-de-munca-71659\">\n<p data-index=\"1\">Absorb\u0163ia sc\u0103zut\u0103 a fondurilor europene este v\u0103zut\u0103 de pre\u015fedintele\u00a0<strong>Traian B\u0103sescu<\/strong>\u00a0ca o vulnerabilitate \u015fi o lips\u0103 de patriotism. De\u015fi consider\u0103 situa\u0163ia economic\u0103 echilibrat\u0103, \u015feful statului vine cu recomand\u0103ri pentru Executiv.\u00a0<\/p>\n<p data-index=\"2\">\u201e<strong>Ceea ce ne-ar trebui ar fi un guvern competent, care s\u0103 genereze cre\u015ftere economic\u0103 durabil\u0103 \u015fi locuri de munc\u0103. Banii europeni ne stau la dispozi\u0163ie. Ne trebuie doar competen\u0163\u0103 \u015fi corectitudine ca s\u0103-i utiliz\u0103m<\/strong>\u201d, a spus Traian B\u0103sescu.<\/p>\n<p data-index=\"3\">\u00cen opinia pre\u015fedintelui Rom\u00e2niei, sectorul de stat este grav afectat de numirile politice \u015fi de clientelismul politic.\u00a0<\/p>\n<p data-index=\"4\">\u201e<strong>Aici se \u00eencadreaz\u0103 \u0219i companiile feroviare \u0219i Transgaz \u0219i Romgaz \u0219i Termoelectrica \u0219i Hidroelectrica \u0219i Oltchim, precum \u0219i multe altele, sau chiar institu\u021bii de autoritate ale statului care sunt, de asemenea, profund afectate de politizare, ca de exemplu ASF, ANAF, ANRE<\/strong>\u201d, este opinia \u015fefului statului.<\/p>\n<h5>Superimunitatea ale\u015filor pune \u00een pericol dreptul rom\u00e2nilor de a circula liber<\/h5>\n<p data-index=\"5\">Pre\u015fedintele mai spune c\u0103 dac\u0103 nu ar fi fost &#8220;lovitura de stat parlamentar\u0103&#8221; din vara anului trecut, la Consiliul JAI din octombrie 2012 se stabilea intrarea noastr\u0103 \u00een spa\u021biul Schengen. \u015eeful statului precizeaz\u0103 c\u0103 p\u0103strarea \u00een guvern al lui Relu Fenechiu \u015fi men\u0163inerea superimunit\u0103\u0163ii ale\u015filor pun \u00een pericol dreptul rom\u00e2nilor de a circula liber.<\/p>\n<p data-index=\"6\">\u201e<strong>Avem, \u00eenc\u0103, un ministru cu dosar penal \u00een instan\u021b\u0103, ceea ce \u00eei face pe europeni s\u0103 se uite la noi ca la o \u021bar\u0103 ce are alte standarde politice dec\u00e2t cele europene. Acestea sunt riscuri \u00een ceea ce prive\u0219te aderarea \u00een Schengen<\/strong>, iar, pe de alt\u0103 parte, demonstreaz\u0103 c\u0103 interese politice m\u0103runte sunt pentru actuala coali\u021bie mai presus de interesul na\u021bional\u201d, a declarat Traian B\u0103sescu.<\/p>\n<p data-index=\"7\">Acesta a f\u0103cut \u015fi portretul pre\u015fedintelui potrivit pentru \u0163ara noastr\u0103.<\/p>\n<p data-index=\"8\">\u201eRom\u00e2nia nu are nevoie de un pre\u0219edinte care s\u0103 fac\u0103 s\u0103 se a\u015ftearn\u0103 lini\u0219tea \u00een via\u021ba politic\u0103 \u0219i a institu\u021biilor statului.<strong>\u00a0Rom\u00e2nia are partide \u0219i institu\u021bii \u00eenc\u0103 prea departe de a fi perfecte, ceea ce face obligatorii interven\u021biile publice ale pre\u015fedintelui \u021b\u0103rii, ca element de presiune pentru corectarea lucrurilor<\/strong>\u201d, crede B\u0103sescu.<\/p>\n<p data-index=\"9\">\u00centrebat despre viitorul Mi\u015fc\u0103rii Populare, creat\u0103 la Cotroceni de consilierii s\u0103i preziden\u0163iali, pre\u015fedintele spune c\u0103 funda\u0163ia ar trebui transformat\u0103 \u00een partid politic.<\/p>\n<\/div>\n<p> Source URL: https:\/\/www.digi24.ro\/stiri\/actualitate\/politica\/traian-basescu-ne-trebuie-un-guvern-competent-care-sa-genereze-crestere-economica-si-locuri-de-munca-71659<\/p>\n","protected":false},"excerpt":{"rendered":"<p>Absorb\u0163ia sc\u0103zut\u0103 a fondurilor europene este v\u0103zut\u0103 de pre\u015fedintele\u00a0Traian B\u0103sescu\u00a0ca o vulnerabilitate \u015fi o lips\u0103 de patriotism. De\u015fi consider\u0103 situa\u0163ia economic\u0103 echilibrat\u0103, \u015feful statului vine cu recomand\u0103ri pentru Executiv.\u00a0 \u201eCeea ce ne-ar trebui ar fi un guvern competent, care s\u0103 genereze cre\u015ftere economic\u0103 durabil\u0103 \u015fi locuri de munc\u0103. Banii europeni ne stau la dispozi\u0163ie. Ne [&hellip;]<\/p>\n","protected":false},"author":1,"featured_media":227933,"comment_status":"open","ping_status":"","sticky":false,"template":"","format":"standard","meta":{"footnotes":""},"categories":[2],"tags":[11],"class_list":["post-227932","post","type-post","status-publish","format-standard","has-post-thumbnail","hentry","category-politics","tag-digi24"],"_links":{"self":[{"href":"https:\/\/analyse.optim.biz\/index.php?rest_route=\/wp\/v2\/posts\/227932","targetHints":{"allow":["GET"]}}],"collection":[{"href":"https:\/\/analyse.optim.biz\/index.php?rest_route=\/wp\/v2\/posts"}],"about":[{"href":"https:\/\/analyse.optim.biz\/index.php?rest_route=\/wp\/v2\/types\/post"}],"author":[{"embeddable":true,"href":"https:\/\/analyse.optim.biz\/index.php?rest_route=\/wp\/v2\/users\/1"}],"replies":[{"embeddable":true,"href":"https:\/\/analyse.optim.biz\/index.php?rest_route=%2Fwp%2Fv2%2Fcomments&post=227932"}],"version-history":[{"count":0,"href":"https:\/\/analyse.optim.biz\/index.php?rest_route=\/wp\/v2\/posts\/227932\/revisions"}],"wp:featuredmedia":[{"embeddable":true,"href":"https:\/\/analyse.optim.biz\/index.php?rest_route=\/wp\/v2\/media\/227933"}],"wp:attachment":[{"href":"https:\/\/analyse.optim.biz\/index.php?rest_route=%2Fwp%2Fv2%2Fmedia&parent=227932"}],"wp:term":[{"taxonomy":"category","embeddable":true,"href":"https:\/\/analyse.optim.biz\/index.php?rest_route=%2Fwp%2Fv2%2Fcategories&post=227932"},{"taxonomy":"post_tag","embeddable":true,"href":"https:\/\/analyse.optim.biz\/index.php?rest_route=%2Fwp%2Fv2%2Ftags&post=227932"}],"curies":[{"name":"wp","href":"https:\/\/api.w.org\/{rel}","templated":true}]}}