{"id":227921,"date":"2013-05-09T01:16:18","date_gmt":"2013-05-08T22:16:18","guid":{"rendered":"https:\/\/analyse.optim.biz\/?p=227921"},"modified":"2013-05-09T01:16:18","modified_gmt":"2013-05-08T22:16:18","slug":"victor-ponta-romanii-nu-mai-au-asteptari-de-la-presedintele-basescu","status":"publish","type":"post","link":"https:\/\/analyse.optim.biz\/?p=227921","title":{"rendered":"Victor Ponta: Rom\u00e2nii nu mai au a\u015ftept\u0103ri de la pre\u015fedintele B\u0103sescu"},"content":{"rendered":"<div class=\"entry data-app-meta data-app-meta-article\" data-embed-base-url-canonical=\"https:\/\/www.digi24.ro\/embed\/stiri\/actualitate\/politica\/victor-ponta-romanii-nu-mai-au-asteptari-de-la-presedintele-basescu-71662\">\n<p data-index=\"1\"><strong>Victor Ponta<\/strong>\u00a0afirm\u0103 c\u0103 PDL a fost sanc\u0163ionat prin vot de popula\u0163ie pentru c\u0103 m\u0103surile de austeritate au fost aplicate doar unei categorii de cet\u0103\u0163eni, \u00een timp ce liderii politici se \u00eembog\u0103\u0163eau.\u00a0<\/p>\n<p data-index=\"2\">\u00cen interviul pentru\u00a0<a href=\"http:\/\/www.caleaeuropeana.ro\/traian-basescu-interviu-caleaeuropeana-ro-austeritate-guvern-mcv-schengen-miscarea-populara-ue-republica-moldova-mesaj-ziua-europei\/\" data-skip-linkfix=\"1\">caleaeuropeana.ro<\/a>,\u00a0<strong>\u015feful statului a declarat c\u0103 austeritatea este &#8220;foarte rea&#8221; pentru popula\u0163ie, pentru economie, dar \u015fi pentru politicienii care aplic\u0103 astfel de m\u0103suri.<\/strong>\u00a0\u201eDar, trebuie recunoscut c\u0103 oric\u00e2t de rea ar fi, are consecin\u0163e infinit mai u\u015foare pentru popula\u0163ia \u015fi economia unei \u0163\u0103ri, dec\u00e2t \u00eemprumuturile cu dob\u00e2nzi ridicate sau intrarea \u0163\u0103rii \u00een \u00eencetare de pl\u0103\u0163i\u201d, sus\u0163ine pre\u015fedintele Traian B\u0103sescu.\u00a0<\/p>\n<p data-index=\"3\">&#8220;Rom\u00e2nii nu mai a\u015fteapt\u0103 nimic de la pre\u015fedintele B\u0103sescu. Toate a\u015ftept\u0103rile lor (&#8230;) sunt \u00eendreptate c\u0103tre guvern. (&#8230;)\u00a0<strong>Pe cei de la PDL &#8211; \u015fi domnul B\u0103sescu se iluzioneaz\u0103 &#8211; oamenii nu i-au sanc\u0163ionat la vot pentru c\u0103 au luat m\u0103suri de austeritate. E o minciun\u0103 spus\u0103 \u00eentre ei. Rom\u00e2nii i-au sanc\u0163ionat la vot pentru c\u0103 austeritatea a fost doar pentru unii.<\/strong>\u00a0Pentru al\u0163ii, dimpotriv\u0103, a fost o bog\u0103\u0163ie fabuloas\u0103 \u00een anii 2009, 2010, 2011, pentru liderii politici&#8221;, a fost replica pe care premierul Victor Ponta a dat-o la un post de televiziune.<\/p>\n<\/div>\n<p> Source URL: https:\/\/www.digi24.ro\/stiri\/actualitate\/politica\/victor-ponta-romanii-nu-mai-au-asteptari-de-la-presedintele-basescu-71662<\/p>\n","protected":false},"excerpt":{"rendered":"<p>Victor Ponta\u00a0afirm\u0103 c\u0103 PDL a fost sanc\u0163ionat prin vot de popula\u0163ie pentru c\u0103 m\u0103surile de austeritate au fost aplicate doar unei categorii de cet\u0103\u0163eni, \u00een timp ce liderii politici se \u00eembog\u0103\u0163eau.\u00a0 \u00cen interviul pentru\u00a0caleaeuropeana.ro,\u00a0\u015feful statului a declarat c\u0103 austeritatea este &#8220;foarte rea&#8221; pentru popula\u0163ie, pentru economie, dar \u015fi pentru politicienii care aplic\u0103 astfel de m\u0103suri.\u00a0\u201eDar, [&hellip;]<\/p>\n","protected":false},"author":1,"featured_media":227922,"comment_status":"open","ping_status":"","sticky":false,"template":"","format":"standard","meta":{"footnotes":""},"categories":[2],"tags":[11],"class_list":["post-227921","post","type-post","status-publish","format-standard","has-post-thumbnail","hentry","category-politics","tag-digi24"],"_links":{"self":[{"href":"https:\/\/analyse.optim.biz\/index.php?rest_route=\/wp\/v2\/posts\/227921","targetHints":{"allow":["GET"]}}],"collection":[{"href":"https:\/\/analyse.optim.biz\/index.php?rest_route=\/wp\/v2\/posts"}],"about":[{"href":"https:\/\/analyse.optim.biz\/index.php?rest_route=\/wp\/v2\/types\/post"}],"author":[{"embeddable":true,"href":"https:\/\/analyse.optim.biz\/index.php?rest_route=\/wp\/v2\/users\/1"}],"replies":[{"embeddable":true,"href":"https:\/\/analyse.optim.biz\/index.php?rest_route=%2Fwp%2Fv2%2Fcomments&post=227921"}],"version-history":[{"count":0,"href":"https:\/\/analyse.optim.biz\/index.php?rest_route=\/wp\/v2\/posts\/227921\/revisions"}],"wp:featuredmedia":[{"embeddable":true,"href":"https:\/\/analyse.optim.biz\/index.php?rest_route=\/wp\/v2\/media\/227922"}],"wp:attachment":[{"href":"https:\/\/analyse.optim.biz\/index.php?rest_route=%2Fwp%2Fv2%2Fmedia&parent=227921"}],"wp:term":[{"taxonomy":"category","embeddable":true,"href":"https:\/\/analyse.optim.biz\/index.php?rest_route=%2Fwp%2Fv2%2Fcategories&post=227921"},{"taxonomy":"post_tag","embeddable":true,"href":"https:\/\/analyse.optim.biz\/index.php?rest_route=%2Fwp%2Fv2%2Ftags&post=227921"}],"curies":[{"name":"wp","href":"https:\/\/api.w.org\/{rel}","templated":true}]}}