{"id":227888,"date":"2013-05-09T18:03:57","date_gmt":"2013-05-09T15:03:57","guid":{"rendered":"https:\/\/analyse.optim.biz\/?p=227888"},"modified":"2013-05-09T18:03:57","modified_gmt":"2013-05-09T15:03:57","slug":"un-senator-a-decontat-cheltuieli-pentru-un-birou-parlamentar-inexistent","status":"publish","type":"post","link":"https:\/\/analyse.optim.biz\/?p=227888","title":{"rendered":"Un senator a decontat cheltuieli pentru un birou parlamentar inexistent"},"content":{"rendered":"<div class=\"entry data-app-meta data-app-meta-article\" data-embed-base-url-canonical=\"https:\/\/www.digi24.ro\/embed\/stiri\/actualitate\/politica\/un-senator-a-decontat-cheltuieli-pentru-un-birou-parlamentar-inexistent-71843\">\n<p data-index=\"1\">Senatorul spune, \u00eens\u0103, c\u0103 lipsa unui birou parlamentar func\u0163ional nu l-a \u00eempiedicat s\u0103 fie mereu printre cei care l-au ales.<\/p>\n<p data-index=\"2\">La patru luni dup\u0103 ce a fost ales, senatorul Florian Bodog sus\u0163ine c\u0103 \u015fi-a deschis biroul parlamentar pe banii s\u0103i.<strong>\u00a0Numai c\u0103 datele privind suma forfetar\u0103 \u00eencasat\u0103 arat\u0103 c\u0103 senatorul a decontat \u00eencep\u00e2nd din ianuarie aproximativ 2.000 mii de euro lunar pentru \u00eentre\u0163inerea unui cabinet parlamentar inexistent.<\/strong><\/p>\n<p data-index=\"3\">\u201e<span>Tot ce \u0163ine de mobilier \u015fi amenaj\u0103ri interioare sunt investi\u0163ia mea, pentru c\u0103 Parlamentul nu deconteaz\u0103 asta\u201d, spune Florian Bodog.<\/span><\/p>\n<p data-index=\"4\">Senatorul are martor de vaz\u0103 de la partid care spune c\u0103 acesta \u015fi-a meritat banii \u00eencasa\u0163i pentru \u00eentre\u0163inerea timp de patru luni a cabinetului parlamentar deschis abia ast\u0103zi.<\/p>\n<p data-index=\"5\">\u201e<span>Dumnealui a avut deja activitate senatorial\u0103, s-a \u00eent\u00e2lnit cu cet\u0103\u0163enii \u00een cartiere, \u00een cur\u0163ile blocurilor\u201d, afirm\u0103 Ioan Mang, pre\u0219edintele PSD Bihor.<\/span><\/p>\n<p data-index=\"6\">Acum o lun\u0103, echipa Digi24 a \u00eencercat s\u0103-l g\u0103seasc\u0103 pe senator la biroul parlamentar pentru care a decontat banii. Contactat telefonic, acesta a spus atunci c\u0103, de fapt, cabinetul nu este deschis oficial.<\/p>\n<p data-index=\"7\"><strong><span>Senatorul sus\u0163ine acum c\u0103 biroul a func\u0163ionat, chiar \u015fi nedeschis, iar angaja\u0163ii lui au lucrat zi de zi, \u00een alt loc. Mai precis \u00eentr-o \u00eenc\u0103pere din sediul PSD.<\/span><\/strong><\/p>\n<p data-index=\"8\">\u201eCabinetul a fost luat \u00een chirie de la Prim\u0103rie \u00eencep\u00e2nd cu luna martie sau februarie \u015fi s-a pl\u0103tit chirie pentru c\u0103, \u00een aceast\u0103 perioad\u0103, cabinetul a func\u0163ionat. \u00cen cabinet s-au f\u0103cut lucr\u0103ri de igienizare. S-a zugr\u0103vit\u201d, a declarat Florian Bodog.<\/p>\n<p data-index=\"9\"><strong>Senatorul Florian Bodog este la primul mandat \u00een Parlament.<\/strong>\u00a0Potrivit declara\u0163iei de avere, el de\u0163ine un apartament, dou\u0103 case \u015fI 11 depozite \u015fi conturi bancare, \u00een valoare total\u0103 de aproximativ 90 de mii de euro.<\/p>\n<\/div>\n<p> Source URL: https:\/\/www.digi24.ro\/stiri\/actualitate\/politica\/un-senator-a-decontat-cheltuieli-pentru-un-birou-parlamentar-inexistent-71843<\/p>\n","protected":false},"excerpt":{"rendered":"<p>Senatorul spune, \u00eens\u0103, c\u0103 lipsa unui birou parlamentar func\u0163ional nu l-a \u00eempiedicat s\u0103 fie mereu printre cei care l-au ales. La patru luni dup\u0103 ce a fost ales, senatorul Florian Bodog sus\u0163ine c\u0103 \u015fi-a deschis biroul parlamentar pe banii s\u0103i.\u00a0Numai c\u0103 datele privind suma forfetar\u0103 \u00eencasat\u0103 arat\u0103 c\u0103 senatorul a decontat \u00eencep\u00e2nd din ianuarie aproximativ [&hellip;]<\/p>\n","protected":false},"author":1,"featured_media":227889,"comment_status":"open","ping_status":"","sticky":false,"template":"","format":"standard","meta":{"footnotes":""},"categories":[2],"tags":[11],"class_list":["post-227888","post","type-post","status-publish","format-standard","has-post-thumbnail","hentry","category-politics","tag-digi24"],"_links":{"self":[{"href":"https:\/\/analyse.optim.biz\/index.php?rest_route=\/wp\/v2\/posts\/227888","targetHints":{"allow":["GET"]}}],"collection":[{"href":"https:\/\/analyse.optim.biz\/index.php?rest_route=\/wp\/v2\/posts"}],"about":[{"href":"https:\/\/analyse.optim.biz\/index.php?rest_route=\/wp\/v2\/types\/post"}],"author":[{"embeddable":true,"href":"https:\/\/analyse.optim.biz\/index.php?rest_route=\/wp\/v2\/users\/1"}],"replies":[{"embeddable":true,"href":"https:\/\/analyse.optim.biz\/index.php?rest_route=%2Fwp%2Fv2%2Fcomments&post=227888"}],"version-history":[{"count":0,"href":"https:\/\/analyse.optim.biz\/index.php?rest_route=\/wp\/v2\/posts\/227888\/revisions"}],"wp:featuredmedia":[{"embeddable":true,"href":"https:\/\/analyse.optim.biz\/index.php?rest_route=\/wp\/v2\/media\/227889"}],"wp:attachment":[{"href":"https:\/\/analyse.optim.biz\/index.php?rest_route=%2Fwp%2Fv2%2Fmedia&parent=227888"}],"wp:term":[{"taxonomy":"category","embeddable":true,"href":"https:\/\/analyse.optim.biz\/index.php?rest_route=%2Fwp%2Fv2%2Fcategories&post=227888"},{"taxonomy":"post_tag","embeddable":true,"href":"https:\/\/analyse.optim.biz\/index.php?rest_route=%2Fwp%2Fv2%2Ftags&post=227888"}],"curies":[{"name":"wp","href":"https:\/\/api.w.org\/{rel}","templated":true}]}}