{"id":227877,"date":"2013-05-10T17:00:27","date_gmt":"2013-05-10T14:00:27","guid":{"rendered":"https:\/\/analyse.optim.biz\/?p=227877"},"modified":"2013-05-10T17:00:27","modified_gmt":"2013-05-10T14:00:27","slug":"presedintele-traian-basescu-a-facut-prima-baie-de-multime-din-acest-an","status":"publish","type":"post","link":"https:\/\/analyse.optim.biz\/?p=227877","title":{"rendered":"Pre\u0219edintele Traian B\u0103sescu a f\u0103cut prima baie de mul\u021bime din acest an"},"content":{"rendered":"<div class=\"entry data-app-meta data-app-meta-article\" data-embed-base-url-canonical=\"https:\/\/www.digi24.ro\/embed\/stiri\/actualitate\/politica\/presedintele-traian-basescu-a-facut-prima-baie-de-multime-din-acest-an-72096\">\n<p data-index=\"1\">Drumul coloanei oficiale a fost tulburat de un b\u0103rbat care a s\u0103rit \u00een fa\u0163a ma\u015finilor, ca s\u0103 \u00eei dea o peti\u0163ie pre\u015fedintelui.<\/p>\n<p data-index=\"2\">Eforturile b\u0103rbatului au fost raspl\u0103tite. Peti\u0163ia a ajuns \u00een m\u00e2na pre\u015fedintelui Traian B\u0103sescu, care l-a \u015fi l\u0103udat. \u201eZece oameni de ar fi \u00een \u0163ara asta cu curajul dumitale, \u0163ara asta nu ar mai merge a\u015fa r\u0103u\u201d, a spus pre\u0219edintele.<\/p>\n<p data-index=\"3\">Dup\u0103 incident, Traian B\u0103sescu a asistat la slujba religioas\u0103 de la M\u0103n\u0103stirea &#8220;Izvorul T\u0103m\u0103duirii&#8221; din Salva, alaturi de cinci mii de crestini. Serviciul religios a fost oficiat de \u00cenalt preasfin\u0163itul Andrei Andreicu\u0163, Mitropolitul Clujului, Maramure\u015fului \u015fi S\u0103lajului.<\/p>\n<p data-index=\"4\">La finalul slujbei, pre\u015fedintele s-a dus \u00een mijlocul credincio\u015filor. Le-a spus \u201eHristos a \u00eenviat\u201d \u0219i s-a fotografiat cu c\u00e2\u021biva dintre ei.<\/p>\n<p data-index=\"5\">Oamenii au avut \u015fi ur\u0103ri pentru Traian B\u0103sescu. \u201eDomnu<span lang=\"en-US\">&#8216;<\/span><span>\u00a0pre\u015fedinte, mult\u0103 s\u0103n\u0103tate \u015fi numai bine v\u0103 dorim! Suntem al\u0103turi de dumneavoastr\u0103 oriunde\u201d, i-a spus o femeie.<\/span><\/p>\n<p data-index=\"6\">\u201e<span>Mul\u0163umesc mult, \u015fi eu al\u0103turi de dumneavoastr\u0103, c\u0103 \u015ftiu c\u0103 v-a fost greu, dar de acum a trecut greul\u201d, i-a r\u0103spuns \u0219eful statului.<\/span><\/p>\n<p data-index=\"7\">Dup\u0103 slujb\u0103, Traian B\u0103sescu a \u00eemp\u0103r\u0163it cozonac unor copii \u0219i a primit cadou o icoan\u0103.<\/p>\n<\/div>\n<p> Source URL: https:\/\/www.digi24.ro\/stiri\/actualitate\/politica\/presedintele-traian-basescu-a-facut-prima-baie-de-multime-din-acest-an-72096<\/p>\n","protected":false},"excerpt":{"rendered":"<p>Drumul coloanei oficiale a fost tulburat de un b\u0103rbat care a s\u0103rit \u00een fa\u0163a ma\u015finilor, ca s\u0103 \u00eei dea o peti\u0163ie pre\u015fedintelui. Eforturile b\u0103rbatului au fost raspl\u0103tite. Peti\u0163ia a ajuns \u00een m\u00e2na pre\u015fedintelui Traian B\u0103sescu, care l-a \u015fi l\u0103udat. \u201eZece oameni de ar fi \u00een \u0163ara asta cu curajul dumitale, \u0163ara asta nu ar mai [&hellip;]<\/p>\n","protected":false},"author":1,"featured_media":227878,"comment_status":"open","ping_status":"","sticky":false,"template":"","format":"standard","meta":{"footnotes":""},"categories":[2],"tags":[11],"class_list":["post-227877","post","type-post","status-publish","format-standard","has-post-thumbnail","hentry","category-politics","tag-digi24"],"_links":{"self":[{"href":"https:\/\/analyse.optim.biz\/index.php?rest_route=\/wp\/v2\/posts\/227877","targetHints":{"allow":["GET"]}}],"collection":[{"href":"https:\/\/analyse.optim.biz\/index.php?rest_route=\/wp\/v2\/posts"}],"about":[{"href":"https:\/\/analyse.optim.biz\/index.php?rest_route=\/wp\/v2\/types\/post"}],"author":[{"embeddable":true,"href":"https:\/\/analyse.optim.biz\/index.php?rest_route=\/wp\/v2\/users\/1"}],"replies":[{"embeddable":true,"href":"https:\/\/analyse.optim.biz\/index.php?rest_route=%2Fwp%2Fv2%2Fcomments&post=227877"}],"version-history":[{"count":0,"href":"https:\/\/analyse.optim.biz\/index.php?rest_route=\/wp\/v2\/posts\/227877\/revisions"}],"wp:featuredmedia":[{"embeddable":true,"href":"https:\/\/analyse.optim.biz\/index.php?rest_route=\/wp\/v2\/media\/227878"}],"wp:attachment":[{"href":"https:\/\/analyse.optim.biz\/index.php?rest_route=%2Fwp%2Fv2%2Fmedia&parent=227877"}],"wp:term":[{"taxonomy":"category","embeddable":true,"href":"https:\/\/analyse.optim.biz\/index.php?rest_route=%2Fwp%2Fv2%2Fcategories&post=227877"},{"taxonomy":"post_tag","embeddable":true,"href":"https:\/\/analyse.optim.biz\/index.php?rest_route=%2Fwp%2Fv2%2Ftags&post=227877"}],"curies":[{"name":"wp","href":"https:\/\/api.w.org\/{rel}","templated":true}]}}