{"id":227874,"date":"2013-05-10T18:12:52","date_gmt":"2013-05-10T15:12:52","guid":{"rendered":"https:\/\/analyse.optim.biz\/?p=227874"},"modified":"2013-05-10T18:12:52","modified_gmt":"2013-05-10T15:12:52","slug":"laszlo-borbely-despre-confiscarea-averilor-ilicite-trebuie-sa-avem-grija-proprietatea-e-sfanta","status":"publish","type":"post","link":"https:\/\/analyse.optim.biz\/?p=227874","title":{"rendered":"Laszlo Borbely, despre confiscarea averilor ilicite: \u201eTrebuie s\u0103 avem grij\u0103, proprietatea e sf\u00e2nt\u0103\u201d"},"content":{"rendered":"<div class=\"entry data-app-meta data-app-meta-article\" data-embed-base-url-canonical=\"https:\/\/www.digi24.ro\/embed\/stiri\/actualitate\/politica\/laszlo-borbely-despre-confiscarea-averilor-ilicite-trebuie-sa-avem-grija-proprietatea-e-sfanta-72100\">\n<p data-index=\"1\"><img decoding=\"async\" src=\"https:\/\/analyse.optim.biz\/wp-content\/uploads\/2024\/09\/owyyy2rmzgqzyjlkzdi3yju3nwe1mjy0mdi2mq-thumb_.jpg\" data-skip-htmlfix=\"1\" title=\"owyyy2rmzgqzyjlkzdi3yju3nwe1mjy0mdi2mq-thumb_\"><\/p>\n<p data-index=\"2\">Laszlo Borbely\u00a0a fost \u00eentrebat, vineri, \u00eentr-o conferin\u0163\u0103 de pres\u0103 la Sibiu, ce p\u0103rere are despre ideea premierului Victor Ponta de a simplifica, \u00een noua Constitu\u0163ie, procedura de confiscare a averilor ilicite, informeaz\u0103 Mediafax.<\/p>\n<p data-index=\"3\">\u201eVom discuta mult pe aceast\u0103 tem\u0103. Noi am avut aceast\u0103 experien\u0163\u0103 comunist\u0103, c\u00e2nd era clar c\u0103 aceast\u0103 problem\u0103 nu era tratat\u0103 cum este tratat\u0103 \u00een constitu\u0163iile europene. Trebuie s\u0103 avem grij\u0103, proprietatea e sf\u00e2nt\u0103. Confiscarea averii trebuie s\u0103 aib\u0103 o argumentare foarte clar\u0103. Nu am definitivat p\u00e2n\u0103 acum un punct de vedere al UDMR pe aceast\u0103 tem\u0103\u201d, a declarat Borbely.<\/p>\n<p data-index=\"4\">El a afirmat c\u0103, din punctul s\u0103u de vedere, trebuie g\u0103sit un echilibru, astfel \u00eenc\u00e2t nu cel acuzat c\u0103 a ob\u0163inut ilegal averea s\u0103 \u00ee\u015fi dovedeasc\u0103 nevinov\u0103\u0163ia, ci cei care acuz\u0103 s\u0103 dovedeasc\u0103 vinov\u0103\u0163ia acestuia.<\/p>\n<p data-index=\"5\">\u201eApare foarte clar, \u00een anumite verific\u0103ri, c\u0103 eu trebuie s\u0103 \u00eemi dovedesc nevinov\u0103\u0163ia, nu cel care m\u0103 acuz\u0103 trebuie s\u0103 dovedeasc\u0103 c\u0103 eu sunt vinovat. Aici va trebui s\u0103 g\u0103sim un echilibru. Dac\u0103 cineva e acuzat de orice fapt\u0103, trebuie s\u0103 vin\u0103 cineva s\u0103 dovedeasc\u0103 faptul c\u0103 &#8211; \u015ftiu eu &#8211; a fraudat. E foarte sensibil\u0103 aceast\u0103 problematic\u0103, vom discuta mult\u201d, a vicepre\u0219edintele UDMR.<\/p>\n<p data-index=\"6\">Laszlo Borbely a participat, vineri, la Sibiu, la o conferin\u0163\u0103 pe teme economice.<\/p>\n<\/div>\n<p> Source URL: https:\/\/www.digi24.ro\/stiri\/actualitate\/politica\/laszlo-borbely-despre-confiscarea-averilor-ilicite-trebuie-sa-avem-grija-proprietatea-e-sfanta-72100<\/p>\n","protected":false},"excerpt":{"rendered":"<p>Laszlo Borbely\u00a0a fost \u00eentrebat, vineri, \u00eentr-o conferin\u0163\u0103 de pres\u0103 la Sibiu, ce p\u0103rere are despre ideea premierului Victor Ponta de a simplifica, \u00een noua Constitu\u0163ie, procedura de confiscare a averilor ilicite, informeaz\u0103 Mediafax. \u201eVom discuta mult pe aceast\u0103 tem\u0103. Noi am avut aceast\u0103 experien\u0163\u0103 comunist\u0103, c\u00e2nd era clar c\u0103 aceast\u0103 problem\u0103 nu era tratat\u0103 cum [&hellip;]<\/p>\n","protected":false},"author":1,"featured_media":227875,"comment_status":"open","ping_status":"","sticky":false,"template":"","format":"standard","meta":{"footnotes":""},"categories":[2],"tags":[11],"class_list":["post-227874","post","type-post","status-publish","format-standard","has-post-thumbnail","hentry","category-politics","tag-digi24"],"_links":{"self":[{"href":"https:\/\/analyse.optim.biz\/index.php?rest_route=\/wp\/v2\/posts\/227874","targetHints":{"allow":["GET"]}}],"collection":[{"href":"https:\/\/analyse.optim.biz\/index.php?rest_route=\/wp\/v2\/posts"}],"about":[{"href":"https:\/\/analyse.optim.biz\/index.php?rest_route=\/wp\/v2\/types\/post"}],"author":[{"embeddable":true,"href":"https:\/\/analyse.optim.biz\/index.php?rest_route=\/wp\/v2\/users\/1"}],"replies":[{"embeddable":true,"href":"https:\/\/analyse.optim.biz\/index.php?rest_route=%2Fwp%2Fv2%2Fcomments&post=227874"}],"version-history":[{"count":0,"href":"https:\/\/analyse.optim.biz\/index.php?rest_route=\/wp\/v2\/posts\/227874\/revisions"}],"wp:featuredmedia":[{"embeddable":true,"href":"https:\/\/analyse.optim.biz\/index.php?rest_route=\/wp\/v2\/media\/227875"}],"wp:attachment":[{"href":"https:\/\/analyse.optim.biz\/index.php?rest_route=%2Fwp%2Fv2%2Fmedia&parent=227874"}],"wp:term":[{"taxonomy":"category","embeddable":true,"href":"https:\/\/analyse.optim.biz\/index.php?rest_route=%2Fwp%2Fv2%2Fcategories&post=227874"},{"taxonomy":"post_tag","embeddable":true,"href":"https:\/\/analyse.optim.biz\/index.php?rest_route=%2Fwp%2Fv2%2Ftags&post=227874"}],"curies":[{"name":"wp","href":"https:\/\/api.w.org\/{rel}","templated":true}]}}