{"id":227761,"date":"2013-05-13T15:50:45","date_gmt":"2013-05-13T12:50:45","guid":{"rendered":"https:\/\/analyse.optim.biz\/?p=227761"},"modified":"2013-05-13T15:50:45","modified_gmt":"2013-05-13T12:50:45","slug":"victor-ponta-la-camera-deputatilor-trebuie-sa-avem-300-de-alesi","status":"publish","type":"post","link":"https:\/\/analyse.optim.biz\/?p=227761","title":{"rendered":"Victor Ponta: La Camera Deputa\u021bilor trebuie s\u0103 avem 300 de ale\u0219i"},"content":{"rendered":"<div class=\"entry data-app-meta data-app-meta-article\" data-embed-base-url-canonical=\"https:\/\/www.digi24.ro\/embed\/stiri\/actualitate\/politica\/victor-ponta-la-camera-deputatilor-trebuie-sa-avem-300-de-alesi-72849\">\n<p data-index=\"1\">\u201eTrebuie s\u0103 trecem proiectul de reviziuire a Constitu\u021biei de Senat p\u00e2n\u0103 la sf\u00e2r\u0219itul sesiunii \u0219i \u00eei rog pe to\u021bi membrii comisiei \u0219i pe senatori s\u0103 fac\u0103 un efort s\u0103 nu plece \u00een vacan\u021b\u0103 f\u0103r\u0103 textul adoptat \u00een Senat. \u00cen acest fel putem s\u0103-l transmitem \u00een timpul verii, s\u0103 mai avem dezbateri, s\u0103 discut\u0103m, s\u0103 transmitem c\u0103tre Comisia de la Vene\u021bia textul, \u00een septembrie s\u0103 \u00eel adopt\u0103m \u00een Camera Deputa\u021bilor \u0219i \u00een octombrie s\u0103 avem referendum. Dac\u0103 trecem de octombrie, ideea cvorumului va fi din ce \u00een ce mai dificil\u0103\u201d, a declarat Victor Ponta.<\/p>\n<p data-index=\"2\">\u201eEste la Senat legea privind referendumul \u0219i de aceea o s\u0103 v\u0103 rog pe cei din comisia special\u0103 coordonat\u0103 de domnul Zgonea, dar \u00een baza discu\u021biilor pe care le avem \u00een grupuri \u0219i \u00een USL, s\u0103 progres\u0103m cu legea electoral\u0103. Aici suntem \u00een stadiul urm\u0103tor: la Camera Deputa\u021bilor tot USL-ul suntem de acord c\u0103 trebuie s\u0103 revenim la sistemul propor\u021bional, care se practic\u0103, dealtfel, \u00een toate \u021b\u0103rile europene, mai pu\u021bin \u00een Marea Britanie.<\/p>\n<p data-index=\"3\">La Senat e o mic\u0103 disput\u0103 \u00eentre conducerea USL \u0219i \u00eentre senatori. Noi propusesem ca senatorii s\u0103 fie ale\u0219i uninominal, senatorii propun s\u0103 fie ale\u0219i propro\u021bional. Pe mine m\u0103 \u00eentereseaz\u0103 s\u0103 lu\u0103m o decizie \u00eempreun\u0103, nu are rost s\u0103 o impunem, dar mesajul foarte clar asupra c\u0103ruia nu putem s\u0103 d\u0103m \u00eenapoi (Victor Ponta \u0219i Crin Antonescu \u2013 n.r.) este cel al num\u0103rului de parlamentari. La Camera Deputa\u021bilor r\u0103m\u00e2n 300, la Senat o s\u0103 vedem c\u00e2\u021bi sunt, 80-100, \u00een func\u021bie de sistemul de vot pe care \u00eel adopt\u0103m\u201d, a mai spus premierul.<\/p>\n<\/div>\n<p> Source URL: https:\/\/www.digi24.ro\/stiri\/actualitate\/politica\/victor-ponta-la-camera-deputatilor-trebuie-sa-avem-300-de-alesi-72849<\/p>\n","protected":false},"excerpt":{"rendered":"<p>\u201eTrebuie s\u0103 trecem proiectul de reviziuire a Constitu\u021biei de Senat p\u00e2n\u0103 la sf\u00e2r\u0219itul sesiunii \u0219i \u00eei rog pe to\u021bi membrii comisiei \u0219i pe senatori s\u0103 fac\u0103 un efort s\u0103 nu plece \u00een vacan\u021b\u0103 f\u0103r\u0103 textul adoptat \u00een Senat. \u00cen acest fel putem s\u0103-l transmitem \u00een timpul verii, s\u0103 mai avem dezbateri, s\u0103 discut\u0103m, s\u0103 transmitem [&hellip;]<\/p>\n","protected":false},"author":1,"featured_media":227762,"comment_status":"open","ping_status":"","sticky":false,"template":"","format":"standard","meta":{"footnotes":""},"categories":[2],"tags":[11],"class_list":["post-227761","post","type-post","status-publish","format-standard","has-post-thumbnail","hentry","category-politics","tag-digi24"],"_links":{"self":[{"href":"https:\/\/analyse.optim.biz\/index.php?rest_route=\/wp\/v2\/posts\/227761","targetHints":{"allow":["GET"]}}],"collection":[{"href":"https:\/\/analyse.optim.biz\/index.php?rest_route=\/wp\/v2\/posts"}],"about":[{"href":"https:\/\/analyse.optim.biz\/index.php?rest_route=\/wp\/v2\/types\/post"}],"author":[{"embeddable":true,"href":"https:\/\/analyse.optim.biz\/index.php?rest_route=\/wp\/v2\/users\/1"}],"replies":[{"embeddable":true,"href":"https:\/\/analyse.optim.biz\/index.php?rest_route=%2Fwp%2Fv2%2Fcomments&post=227761"}],"version-history":[{"count":0,"href":"https:\/\/analyse.optim.biz\/index.php?rest_route=\/wp\/v2\/posts\/227761\/revisions"}],"wp:featuredmedia":[{"embeddable":true,"href":"https:\/\/analyse.optim.biz\/index.php?rest_route=\/wp\/v2\/media\/227762"}],"wp:attachment":[{"href":"https:\/\/analyse.optim.biz\/index.php?rest_route=%2Fwp%2Fv2%2Fmedia&parent=227761"}],"wp:term":[{"taxonomy":"category","embeddable":true,"href":"https:\/\/analyse.optim.biz\/index.php?rest_route=%2Fwp%2Fv2%2Fcategories&post=227761"},{"taxonomy":"post_tag","embeddable":true,"href":"https:\/\/analyse.optim.biz\/index.php?rest_route=%2Fwp%2Fv2%2Ftags&post=227761"}],"curies":[{"name":"wp","href":"https:\/\/api.w.org\/{rel}","templated":true}]}}