{"id":227739,"date":"2013-05-13T21:56:47","date_gmt":"2013-05-13T18:56:47","guid":{"rendered":"https:\/\/analyse.optim.biz\/?p=227739"},"modified":"2013-05-13T21:56:47","modified_gmt":"2013-05-13T18:56:47","slug":"gyorgy-frunda-cel-mai-bine-pentru-tara-ar-fi-sa-se-uite-acest-proiect-de-regionalizare","status":"publish","type":"post","link":"https:\/\/analyse.optim.biz\/?p=227739","title":{"rendered":"Gyorgy Frunda: \u201eCel mai bine pentru \u021bar\u0103 ar fi s\u0103 se uite acest proiect de regionalizare\u201d"},"content":{"rendered":"<div class=\"entry data-app-meta data-app-meta-article\" data-embed-base-url-canonical=\"https:\/\/www.digi24.ro\/embed\/stiri\/actualitate\/politica\/gyorgy-frunda-cel-mai-bine-pentru-tara-ar-fi-sa-se-uite-acest-proiect-de-regionalizare-72891\">\n<p data-index=\"1\"><strong>\u201e<\/strong><span><strong>Eu cred c\u0103 a regionaliza administrativ Rom\u00e2nia pe criteriul economic actual este contraproductiv.<\/strong>\u00a0Nu cred c\u0103 este un argument suficient de conving\u0103tor cel al bugetului Uniunii Europene.<strong>\u00a0A interpune regiunea \u00eentre jude\u021b \u0219i guvern este un plus de birocra\u021bie.<\/strong>\u00a0S\u0103 faci din cinci-\u0219ase jude\u021be o regiune \u00een care omul nu mai marge 30 de kilometri, ci merge 150 de kilometri este contraproductiv.<\/span><\/p>\n<p data-index=\"2\"><strong>Simt \u00een cadrul deputa\u021bilor \u0219i senatorilor USL o tot mai mare opozi\u021bie fa\u021b\u0103 de aceast\u0103 regionalizare \u0219i eu cred c\u0103, \u00een actuala conjunctur\u0103, cel mai bine pentru \u021bar\u0103 ar fi s\u0103 se uite acest proiect de regionalizare.\u00a0<\/strong>Trebuie s\u0103 \u00eencepem a\u0219a cum s-a \u00eenceput \u00een anii 60, cu lumea academic\u0103, cu societatea civil\u0103, cu lumea de specialitate \u0219i s\u0103 o dezbatem \u00een doi-trei ani. Putem pe urm\u0103 s\u0103 acces\u0103m \u0219i fondurile respective\u201d, a spus Gyorgy Frunda la emisiunea \u201eJurnalul de sear\u0103\u201d.<\/p>\n<h5><span>Campania RAPORT DE \u0162AR\u0102 Digi24<\/span><\/h5>\n<p data-index=\"3\">\u00cen a\u015fteptarea regionaliz\u0103rii, vreme de 21 de s\u0103pt\u0103m\u00e2ni, campania Raport de \u0163ar\u0103 face radiografia Rom\u00e2niei reale. \u00cen fiecare zi, reporterii Digi24 transmit \u00een direct din dou\u0103 jude\u0163e ale \u0163\u0103rii, din care, la final de s\u0103pt\u0103m\u00e2n\u0103, tragem linie \u015fi adun\u0103m \u00eempreun\u0103 atuurile \u015fi punctele slabe. Din Bra\u015fov, Sibiu, sau de oriunde \u00een Rom\u00e2nia, intra\u0163i \u015fi vota\u0163i-v\u0103 jude\u0163ul preferat \u00een sec\u0163iunea\u00a0<a href=\"http:\/\/raportdetara.digi24.ro\/\" target=\"_blank\" data-skip-linkfix=\"1\" rel=\"noopener\"><strong>Raport de \u0163ar\u0103.<\/strong><\/a><\/p>\n<\/div>\n<p> Source URL: https:\/\/www.digi24.ro\/stiri\/actualitate\/politica\/gyorgy-frunda-cel-mai-bine-pentru-tara-ar-fi-sa-se-uite-acest-proiect-de-regionalizare-72891<\/p>\n","protected":false},"excerpt":{"rendered":"<p>\u201eEu cred c\u0103 a regionaliza administrativ Rom\u00e2nia pe criteriul economic actual este contraproductiv.\u00a0Nu cred c\u0103 este un argument suficient de conving\u0103tor cel al bugetului Uniunii Europene.\u00a0A interpune regiunea \u00eentre jude\u021b \u0219i guvern este un plus de birocra\u021bie.\u00a0S\u0103 faci din cinci-\u0219ase jude\u021be o regiune \u00een care omul nu mai marge 30 de kilometri, ci merge 150 [&hellip;]<\/p>\n","protected":false},"author":1,"featured_media":227740,"comment_status":"open","ping_status":"","sticky":false,"template":"","format":"standard","meta":{"footnotes":""},"categories":[2],"tags":[11],"class_list":["post-227739","post","type-post","status-publish","format-standard","has-post-thumbnail","hentry","category-politics","tag-digi24"],"_links":{"self":[{"href":"https:\/\/analyse.optim.biz\/index.php?rest_route=\/wp\/v2\/posts\/227739","targetHints":{"allow":["GET"]}}],"collection":[{"href":"https:\/\/analyse.optim.biz\/index.php?rest_route=\/wp\/v2\/posts"}],"about":[{"href":"https:\/\/analyse.optim.biz\/index.php?rest_route=\/wp\/v2\/types\/post"}],"author":[{"embeddable":true,"href":"https:\/\/analyse.optim.biz\/index.php?rest_route=\/wp\/v2\/users\/1"}],"replies":[{"embeddable":true,"href":"https:\/\/analyse.optim.biz\/index.php?rest_route=%2Fwp%2Fv2%2Fcomments&post=227739"}],"version-history":[{"count":0,"href":"https:\/\/analyse.optim.biz\/index.php?rest_route=\/wp\/v2\/posts\/227739\/revisions"}],"wp:featuredmedia":[{"embeddable":true,"href":"https:\/\/analyse.optim.biz\/index.php?rest_route=\/wp\/v2\/media\/227740"}],"wp:attachment":[{"href":"https:\/\/analyse.optim.biz\/index.php?rest_route=%2Fwp%2Fv2%2Fmedia&parent=227739"}],"wp:term":[{"taxonomy":"category","embeddable":true,"href":"https:\/\/analyse.optim.biz\/index.php?rest_route=%2Fwp%2Fv2%2Fcategories&post=227739"},{"taxonomy":"post_tag","embeddable":true,"href":"https:\/\/analyse.optim.biz\/index.php?rest_route=%2Fwp%2Fv2%2Ftags&post=227739"}],"curies":[{"name":"wp","href":"https:\/\/api.w.org\/{rel}","templated":true}]}}