{"id":227717,"date":"2013-05-14T01:00:41","date_gmt":"2013-05-13T22:00:41","guid":{"rendered":"https:\/\/analyse.optim.biz\/?p=227717"},"modified":"2013-05-14T01:00:41","modified_gmt":"2013-05-13T22:00:41","slug":"m-r-ungureanu-diferenta-mare-intre-psd-si-pnl-face-imposibila-gasirea-unui-candidat-comun-la-prezidentiale-al-usl","status":"publish","type":"post","link":"https:\/\/analyse.optim.biz\/?p=227717","title":{"rendered":"M. R. Ungureanu: \u201eDiferen\u0163a mare \u00eentre PSD \u015fi PNL face imposibil\u0103 g\u0103sirea unui candidat comun la preziden\u0163iale al USL\u201d"},"content":{"rendered":"<div class=\"entry data-app-meta data-app-meta-article\" data-embed-base-url-canonical=\"https:\/\/www.digi24.ro\/embed\/stiri\/actualitate\/politica\/m-r-ungureanu-diferenta-mare-intre-psd-si-pnl-face-imposibila-gasirea-unui-candidat-comun-la-prezidentiale-al-usl-72897\">\n<h2 class=\"articleLead mceAutoSelect\" id=\"highlight-72897-1\">Uniunea Social Liberal\u0103 ar putea s\u0103 nu mai aib\u0103 un candidat comun la alegerile preziden\u0163iale, a declarat luni sear\u0103 pre\u015fedintele For\u0163ei Civice, Mihai R\u0103zvan Ungureanu, invitat la emisiunea Impar\u0163ial Digi 24. El crede c\u0103 rezultatele diferite pe care le vor ob\u0163ine Partidul Social Democrat \u015fi Partidul Na\u0163ional Liberal la alegerile europarlamentare vor impune ca cele dou\u0103 forma\u0163iuni s\u0103 nu mai opteze pentru un candidat comun al Uniunii la preziden\u0163iale.<\/h2>\n<p data-index=\"1\">\u201ePSD-ul \u015fi PNL-ul merg separat pentru c\u0103\u00a0<strong>exist\u0103 tenta\u0163ia de a-\u015fi \u00eencerca t\u0103ria propriilor structuri locale<\/strong>. Scorul pe care \u00eel ob\u0163ine un partid cu propria list\u0103 la alegerile europarlamentare este\u00a0<strong>un scor de greutate politic\u0103 la nivel na\u0163ional<\/strong>\u201d, explic\u0103 Mihai R\u0103zvanu Ungureanu la\u00a0<strong>Digi24<\/strong>.<\/p>\n<p data-index=\"2\">\u201eImagina\u0163i-v\u0103 un\u00a0<strong>PSD<\/strong>\u00a0care scoate un num\u0103r de parlamentari care ar eviden\u0163ia\u00a0<strong>un scor de 35%<\/strong>\u00a0&#8211; inten\u0163ie de vot la nivel na\u0163ional &#8211; \u015fi\u00a0<strong>un scor pe care PNL l-ar avea undeva la 15, 17 procente<\/strong>.\u00a0<strong>Diferen\u0163a mare<\/strong>\u00a0\u00eentre aceste dou\u0103 partide, alt\u0103dat\u0103 unite,\u00a0<strong>face imposibil\u0103 g\u0103sirea unui candidat comun la preziden\u0163iale al USL-ului<\/strong>. Dar acesta exist\u0103 &#8211; domnul Crin Antonescu&#8230;\u00a0<strong>pe moment<\/strong>!\u201d, crede pre\u015fedintele For\u0163ei Civice.<\/p>\n<p data-index=\"3\">Pentru alegerile europarlamentare din 2014, PSD \u015fi PNL au anun\u0163at deja c\u0103 vor avea candida\u0163i diferi\u0163i. Primul care a f\u0103cut aceast\u0103 precizare a fost liderul social-democrat, Victor Ponta, \u00een prima zi a congresului de partid din 19-20 aprilie. \u201e<strong>De luni \u00eencepem campania pentru europarlamentarele din 2014, pentru c\u0103 \u00een mai 2014 nu vom mai avea umbrela USL<\/strong>\u201d,\u00a0<strong><a href=\"https:\/\/www.digi24.ro\/Stiri\/Digi24\/Actualitate\/Politica\/Victor+Ponta+PSD+si+PNL+merg+separat+la+europarlamentare\" target=\"_blank\" data-skip-linkfix=\"1\" rel=\"noopener\">spunea Victor Ponta pe 19 aprilie<\/a><\/strong>, ad\u0103ug\u00e2nd: \u201eVe\u0163i putea s\u0103 demonstra\u0163i \u00een fiecare organiza\u0163ie, comun\u0103, ora\u015f, jude\u0163 care e capacitatea noastr\u0103 de mobilizare, sprijnul pe care PSD \u00eel are.\u201d<\/p>\n<p data-index=\"4\">\u201eM\u0103 bazez pe dumneavostr\u0103 ca s\u0103 fim nu doar primul partid din Rom\u00e2nia la alegeri, dar s\u0103 fim \u00een grupul social-democrat din Parlamentul European o delega\u0163ie puternic\u0103 \u015fi respectat\u0103. Vreau s\u0103 \u00een\u0163elege\u0163i acest mesaj \u015fi s\u0103-l trata\u0163i cu mare seriozitate\u201d, mai spunea premierul.<\/p>\n<p data-index=\"5\">Faptul c\u0103 cele dou\u0103 partide vor merge separat \u00een alegerile europarlamentare are o importan\u0163\u0103 major\u0103, \u00een special pentru c\u0103,\u00a0<strong>la alegerile parlamentare din decembrie 2012, c\u00e2nd PSD \u015fi PNL au candidat sub sigla USL, liberalii au ob\u0163inut un scor istoric<\/strong>. Discu\u0163iile care au urmat \u00een interiorul forma\u0163iunii social-democrate au acuzat faptul c\u0103\u00a0<strong>acest scor a fost consecin\u0163a direct\u0103 a sus\u0163inerii din partea PSD<\/strong>.<\/p>\n<p data-index=\"6\">C\u00e2t prive\u015fte alegerile preziden\u0163iale, liderul PSD\u00a0<strong><a href=\"https:\/\/www.digi24.ro\/Stiri\/Digi24\/Actualitate\/Politica\/Victor+Ponta+Este+exclusa+o+candidatura+PSD+la+Cotroceni+in+2014\" target=\"_blank\" data-skip-linkfix=\"1\" rel=\"noopener\">sublinia tot luna trecut\u0103<\/a><\/strong>\u00a0c\u0103, \u201e<strong>at\u00e2ta timp c\u00e2t avem USL, noi avem un candidat: Crin Antonescu<\/strong>\u201d. \u201eEu i-am \u00eentrebat pe to\u0163i colegii mei \u00eenainte s\u0103 facem USL, am trecut ca unul dintre partide ale candidatul la preziden\u0163iale, cel\u0103lalt are premierul, a\u015fa cum era firesc. Noi suntem partidul cel mai mare, trebuia s\u0103 alegem primii. Mi-am \u00eentrebat to\u0163i colegii ce cred c\u0103 e mai important pentru PSD &#8211; s\u0103 aib\u0103 func\u0163ia de pre\u015fedinte sau pe cea de premier? Absolut\u00a0<strong>to\u0163i mi-au spus c\u0103 e mai important s\u0103 o avem pe cea de \u015fef al guvernului, a\u015fadar nu liberalii ne-au \u00eempins la func\u0163ia de \u015fef al Guvernului, noi am vrut-o<\/strong>\u201d, a mai explicat atunci Ponta.<\/p>\n<\/div>\n<p> Source URL: https:\/\/www.digi24.ro\/stiri\/actualitate\/politica\/m-r-ungureanu-diferenta-mare-intre-psd-si-pnl-face-imposibila-gasirea-unui-candidat-comun-la-prezidentiale-al-usl-72897<\/p>\n","protected":false},"excerpt":{"rendered":"<p>Uniunea Social Liberal\u0103 ar putea s\u0103 nu mai aib\u0103 un candidat comun la alegerile preziden\u0163iale, a declarat luni sear\u0103 pre\u015fedintele For\u0163ei Civice, Mihai R\u0103zvan Ungureanu, invitat la emisiunea Impar\u0163ial Digi 24. El crede c\u0103 rezultatele diferite pe care le vor ob\u0163ine Partidul Social Democrat \u015fi Partidul Na\u0163ional Liberal la alegerile europarlamentare vor impune ca cele [&hellip;]<\/p>\n","protected":false},"author":1,"featured_media":227718,"comment_status":"open","ping_status":"","sticky":false,"template":"","format":"standard","meta":{"footnotes":""},"categories":[2],"tags":[11],"class_list":["post-227717","post","type-post","status-publish","format-standard","has-post-thumbnail","hentry","category-politics","tag-digi24"],"_links":{"self":[{"href":"https:\/\/analyse.optim.biz\/index.php?rest_route=\/wp\/v2\/posts\/227717","targetHints":{"allow":["GET"]}}],"collection":[{"href":"https:\/\/analyse.optim.biz\/index.php?rest_route=\/wp\/v2\/posts"}],"about":[{"href":"https:\/\/analyse.optim.biz\/index.php?rest_route=\/wp\/v2\/types\/post"}],"author":[{"embeddable":true,"href":"https:\/\/analyse.optim.biz\/index.php?rest_route=\/wp\/v2\/users\/1"}],"replies":[{"embeddable":true,"href":"https:\/\/analyse.optim.biz\/index.php?rest_route=%2Fwp%2Fv2%2Fcomments&post=227717"}],"version-history":[{"count":0,"href":"https:\/\/analyse.optim.biz\/index.php?rest_route=\/wp\/v2\/posts\/227717\/revisions"}],"wp:featuredmedia":[{"embeddable":true,"href":"https:\/\/analyse.optim.biz\/index.php?rest_route=\/wp\/v2\/media\/227718"}],"wp:attachment":[{"href":"https:\/\/analyse.optim.biz\/index.php?rest_route=%2Fwp%2Fv2%2Fmedia&parent=227717"}],"wp:term":[{"taxonomy":"category","embeddable":true,"href":"https:\/\/analyse.optim.biz\/index.php?rest_route=%2Fwp%2Fv2%2Fcategories&post=227717"},{"taxonomy":"post_tag","embeddable":true,"href":"https:\/\/analyse.optim.biz\/index.php?rest_route=%2Fwp%2Fv2%2Ftags&post=227717"}],"curies":[{"name":"wp","href":"https:\/\/api.w.org\/{rel}","templated":true}]}}