{"id":227358,"date":"2013-05-21T10:50:15","date_gmt":"2013-05-21T07:50:15","guid":{"rendered":"https:\/\/analyse.optim.biz\/?p=227358"},"modified":"2013-05-21T10:50:15","modified_gmt":"2013-05-21T07:50:15","slug":"v-ponta-despre-simpatia-fata-de-g-becali-asta-chiar-nu-cred-ca-e-infractiune","status":"publish","type":"post","link":"https:\/\/analyse.optim.biz\/?p=227358","title":{"rendered":"V. Ponta, despre simpatia fa\u021b\u0103 de G. Becali: \u201eAsta chiar nu cred c\u0103 e infrac\u021biune\u201d"},"content":{"rendered":"<div class=\"entry data-app-meta data-app-meta-article\" data-embed-base-url-canonical=\"https:\/\/www.digi24.ro\/embed\/stiri\/actualitate\/politica\/v-ponta-despre-simpatia-fata-de-g-becali-asta-chiar-nu-cred-ca-e-infractiune-74768\">\n<p data-index=\"1\">\u00centrebat dac\u0103 \u00eei pare r\u0103u c\u0103 l-a inclus pe lista USL la alegerile parlamentare, copre\u0219edintele forma\u021biunii a r\u0103spuns negativ.\u00a0<strong>\u201eNu, de ce? A fost candidatul USL, una-i una, alta-i alta. \u0218tiu c\u0103 a fost condamnat pentru o fapt\u0103 petrecut\u0103 cu mul\u021bi ani \u00een urm\u0103, nu?\u201d<\/strong>, a afirmat copre\u0219edintele USL.<\/p>\n<p data-index=\"2\"><strong>\u201eSimpatia mea nu are nicio leg\u0103tur\u0103 cu justi\u021bia. Mi-am exprimat o opinie personal\u0103, dac\u0103 am sup\u0103rat pe cineva \u00eemi pare r\u0103u. Despre sentin\u021be nuam voie s\u0103 vorbesc\u201d<\/strong>, a declarat azi premierul Victor Ponta, la o zi dup\u0103 ce fostul parlamentar al USL a fost condamnat la trei ani de \u00eenchisoare cu executare.<\/p>\n<p data-index=\"3\">\u201eEu sunt absolut convins c\u0103 judec\u0103torii nu se uitau la televizor s\u0103 vad\u0103 dac\u0103 \u00eel simpatizez sau nu-l simpatizez pe vreun inculpat \u0219i ieri am fost foarte atent \u0219i sunt foarte atent s\u0103 nu vorbesc despre dosare \u0219i despre cauze.\u00a0<strong>Nu \u0219tiu dosarele, nu e treaba mea, ca prim ministru, acum, chiar s\u0103 spun de cineva dac\u0103 \u00eel simpatizez sau nu, asta chiar nu cred c\u0103 e infrac\u021biune, din c\u00e2te cunosc eu<\/strong>\u201d, a afirmat Victor Ponta.<\/p>\n<p data-index=\"4\">Pre\u015fedintele PNL, Crin Antonescu, spune c\u0103 este extrem de trist pentru ceea ce i s-a \u00eent\u00e2mplat lui Gigi Becali.<\/p>\n<p data-index=\"5\">\u201e\u00cencerc un sentiment de profund\u0103 triste\u0163e \u015fi de solidaritate \u00een plan uman. \u00cemi r\u0103u de ce s-a \u00eent\u00e2mplat. Evident nu comentez sentin\u0163a, nu cunosc dosarul. Sunt omene\u015fte al\u0103turi de Gigi Becali \u015fi de familia sa \u015fi de\u00a0to\u0163i cei care sufer\u0103 \u00eentr-o asemenea situa\u0163ie\u201d, a spus Crin Antonescu.<\/p>\n<p data-index=\"6\"><a href=\"https:\/\/www.digi24.ro\/stire\/George-Becali-a-fost-adus-in-arestul-Politiei-Capitalei_104924\" target=\"_blank\" data-skip-linkfix=\"1\" rel=\"noopener\">George Becali \u0219i-a petrecut prima noapte dup\u0103 gratii<\/a>, dup\u0103 ce a fost condamnat la trei ani de \u00eenchisoare cu executare \u00een Dosarul Transferurilor. Omul de afaceri s-a predat \u00een cursul serii la Inspectoratul Jude\u021bean de Poli\u021bie Ilfov. De acolo, a fost dus \u00een arestul Poli\u021biei Capitalei \u0219i transferat, cu pu\u021bin \u00eenainte de miezul nop\u021bii, la Penitenciarul Rahova.<\/p>\n<p data-index=\"7\">Deputatul George Becali a luat cuv\u00e2ntul, \u00een 18 februarie, \u00een plenul Camerei, anun\u0163\u00e2nd c\u0103\u00a0<a href=\"https:\/\/www.digi24.ro\/stire\/George-Becali-poate-ramane-in-comisia-juridica-crede-Crin-Antonescu_81255\" target=\"_blank\" data-skip-linkfix=\"1\" rel=\"noopener\">a demisionat din PNL<\/a>\u00a0\u015fi c\u0103 r\u0103m\u00e2ne afiliat grupului liberal \u015fi USL, el ar\u0103t\u00e2nd c\u0103 nu demisioneaz\u0103 \u015fi din Parlament \u015fi c\u0103 st\u0103 drept \u00een fa\u0163a \u0163\u0103rii, a Parlamentului \u015fi a lui Dumnezeu.<\/p>\n<p data-index=\"8\">\u201eV\u0103 anun\u0163 demisia mea ca membru PNL. Vreau s\u0103 v\u0103 spun c\u0103 r\u0103m\u00e2n afiliat grupului PNL \u015fi USL, adic\u0103 ideilor pentru care am luptat \u00een campania electoral\u0103\u201d, a spus atunci George Becali.<\/p>\n<\/div>\n<p> Source URL: https:\/\/www.digi24.ro\/stiri\/actualitate\/politica\/v-ponta-despre-simpatia-fata-de-g-becali-asta-chiar-nu-cred-ca-e-infractiune-74768<\/p>\n","protected":false},"excerpt":{"rendered":"<p>\u00centrebat dac\u0103 \u00eei pare r\u0103u c\u0103 l-a inclus pe lista USL la alegerile parlamentare, copre\u0219edintele forma\u021biunii a r\u0103spuns negativ.\u00a0\u201eNu, de ce? A fost candidatul USL, una-i una, alta-i alta. \u0218tiu c\u0103 a fost condamnat pentru o fapt\u0103 petrecut\u0103 cu mul\u021bi ani \u00een urm\u0103, nu?\u201d, a afirmat copre\u0219edintele USL. \u201eSimpatia mea nu are nicio leg\u0103tur\u0103 cu [&hellip;]<\/p>\n","protected":false},"author":1,"featured_media":227359,"comment_status":"open","ping_status":"","sticky":false,"template":"","format":"standard","meta":{"footnotes":""},"categories":[2],"tags":[11],"class_list":["post-227358","post","type-post","status-publish","format-standard","has-post-thumbnail","hentry","category-politics","tag-digi24"],"_links":{"self":[{"href":"https:\/\/analyse.optim.biz\/index.php?rest_route=\/wp\/v2\/posts\/227358","targetHints":{"allow":["GET"]}}],"collection":[{"href":"https:\/\/analyse.optim.biz\/index.php?rest_route=\/wp\/v2\/posts"}],"about":[{"href":"https:\/\/analyse.optim.biz\/index.php?rest_route=\/wp\/v2\/types\/post"}],"author":[{"embeddable":true,"href":"https:\/\/analyse.optim.biz\/index.php?rest_route=\/wp\/v2\/users\/1"}],"replies":[{"embeddable":true,"href":"https:\/\/analyse.optim.biz\/index.php?rest_route=%2Fwp%2Fv2%2Fcomments&post=227358"}],"version-history":[{"count":0,"href":"https:\/\/analyse.optim.biz\/index.php?rest_route=\/wp\/v2\/posts\/227358\/revisions"}],"wp:featuredmedia":[{"embeddable":true,"href":"https:\/\/analyse.optim.biz\/index.php?rest_route=\/wp\/v2\/media\/227359"}],"wp:attachment":[{"href":"https:\/\/analyse.optim.biz\/index.php?rest_route=%2Fwp%2Fv2%2Fmedia&parent=227358"}],"wp:term":[{"taxonomy":"category","embeddable":true,"href":"https:\/\/analyse.optim.biz\/index.php?rest_route=%2Fwp%2Fv2%2Fcategories&post=227358"},{"taxonomy":"post_tag","embeddable":true,"href":"https:\/\/analyse.optim.biz\/index.php?rest_route=%2Fwp%2Fv2%2Ftags&post=227358"}],"curies":[{"name":"wp","href":"https:\/\/api.w.org\/{rel}","templated":true}]}}