{"id":227336,"date":"2013-05-21T13:53:57","date_gmt":"2013-05-21T10:53:57","guid":{"rendered":"https:\/\/analyse.optim.biz\/?p=227336"},"modified":"2013-05-21T13:53:57","modified_gmt":"2013-05-21T10:53:57","slug":"revizuirea-constitutiei-victor-ponta-il-preseaza-pe-crin-antonescu","status":"publish","type":"post","link":"https:\/\/analyse.optim.biz\/?p=227336","title":{"rendered":"REVIZUIREA CONSTITU\u021aIEI. Victor Ponta \u00eel preseaz\u0103 pe Crin Antonescu"},"content":{"rendered":"<div class=\"entry data-app-meta data-app-meta-article\" data-embed-base-url-canonical=\"https:\/\/www.digi24.ro\/embed\/stiri\/actualitate\/politica\/revizuirea-constitutiei-victor-ponta-il-preseaza-pe-crin-antonescu-74803\">\n<p data-index=\"1\">Victor Ponta sus\u0163ine c\u0103 vremea vorbelor a trecut \u015fi c\u0103 e nevoie de fapte din partea lui\u00a0<strong>Crin Antonescu<\/strong>\u00a0pentru a demonstra c\u0103 e solidar cu PSD.\u00a0<a href=\"https:\/\/www.digi24.ro\/Stiri\/Digi24\/Actualitate\/Stiri\/Comisia+de+revizuire+a+Constitutiei+se+intruneste+in+prima+sa+sedinta++Termenul+de++finalizare+a+legii+este+de+patru+luni\" target=\"_blank\" data-skip-linkfix=\"1\" rel=\"noopener\"><strong>Comisia de revizuire,\u00a0<\/strong><\/a>\u00eenfiin\u0163at\u0103 \u00een februarie, nu a avut nicio dezbatere pe tema revizuirii, iar prima \u015fedin\u0163\u0103, care trebuia s\u0103 aib\u0103 loc pe 20 mai, a fost am\u00e2nat\u0103 cu o s\u0103pt\u0103m\u00e2n\u0103.<\/p>\n<p data-index=\"2\">\u00centre timp, a fost prelungit \u015fi termenul la care Forumul Constitu\u0163ional trebuia s\u0103 \u00eenainteze Comisiei parlamentare propunerile de modificare a Constitu\u0163iei.<\/p>\n<p data-index=\"3\"><strong>\u201eCu vorbele, am v\u0103zut cum a fost. Acum cu faptele. Faptele se petrec sapt\u0103m\u00e2na viitoare.\u00a0<\/strong>Domnul Antonescu e pre\u0219edintele comisiei, to\u0163i membrii USL merg la comisie, se discut\u0103 modific\u0103rile \u0219i \u00een momentul \u00een care le trimitem \u00een Senat procedura e \u00een direc\u0163ia bun\u0103\u201d, a afirmat\u00a0<strong>Victor Ponta.<\/strong><\/p>\n<\/div>\n<p> Source URL: https:\/\/www.digi24.ro\/stiri\/actualitate\/politica\/revizuirea-constitutiei-victor-ponta-il-preseaza-pe-crin-antonescu-74803<\/p>\n","protected":false},"excerpt":{"rendered":"<p>Victor Ponta sus\u0163ine c\u0103 vremea vorbelor a trecut \u015fi c\u0103 e nevoie de fapte din partea lui\u00a0Crin Antonescu\u00a0pentru a demonstra c\u0103 e solidar cu PSD.\u00a0Comisia de revizuire,\u00a0\u00eenfiin\u0163at\u0103 \u00een februarie, nu a avut nicio dezbatere pe tema revizuirii, iar prima \u015fedin\u0163\u0103, care trebuia s\u0103 aib\u0103 loc pe 20 mai, a fost am\u00e2nat\u0103 cu o s\u0103pt\u0103m\u00e2n\u0103. \u00centre [&hellip;]<\/p>\n","protected":false},"author":1,"featured_media":227337,"comment_status":"open","ping_status":"","sticky":false,"template":"","format":"standard","meta":{"footnotes":""},"categories":[2],"tags":[11],"class_list":["post-227336","post","type-post","status-publish","format-standard","has-post-thumbnail","hentry","category-politics","tag-digi24"],"_links":{"self":[{"href":"https:\/\/analyse.optim.biz\/index.php?rest_route=\/wp\/v2\/posts\/227336","targetHints":{"allow":["GET"]}}],"collection":[{"href":"https:\/\/analyse.optim.biz\/index.php?rest_route=\/wp\/v2\/posts"}],"about":[{"href":"https:\/\/analyse.optim.biz\/index.php?rest_route=\/wp\/v2\/types\/post"}],"author":[{"embeddable":true,"href":"https:\/\/analyse.optim.biz\/index.php?rest_route=\/wp\/v2\/users\/1"}],"replies":[{"embeddable":true,"href":"https:\/\/analyse.optim.biz\/index.php?rest_route=%2Fwp%2Fv2%2Fcomments&post=227336"}],"version-history":[{"count":0,"href":"https:\/\/analyse.optim.biz\/index.php?rest_route=\/wp\/v2\/posts\/227336\/revisions"}],"wp:featuredmedia":[{"embeddable":true,"href":"https:\/\/analyse.optim.biz\/index.php?rest_route=\/wp\/v2\/media\/227337"}],"wp:attachment":[{"href":"https:\/\/analyse.optim.biz\/index.php?rest_route=%2Fwp%2Fv2%2Fmedia&parent=227336"}],"wp:term":[{"taxonomy":"category","embeddable":true,"href":"https:\/\/analyse.optim.biz\/index.php?rest_route=%2Fwp%2Fv2%2Fcategories&post=227336"},{"taxonomy":"post_tag","embeddable":true,"href":"https:\/\/analyse.optim.biz\/index.php?rest_route=%2Fwp%2Fv2%2Ftags&post=227336"}],"curies":[{"name":"wp","href":"https:\/\/api.w.org\/{rel}","templated":true}]}}