{"id":227136,"date":"2013-05-24T07:22:11","date_gmt":"2013-05-24T04:22:11","guid":{"rendered":"https:\/\/analyse.optim.biz\/?p=227136"},"modified":"2013-05-24T07:22:11","modified_gmt":"2013-05-24T04:22:11","slug":"t-basescu-romania-nu-a-declansat-nicio-procedura-legata-de-preluarea-functiei-de-secretar-general-al-nato","status":"publish","type":"post","link":"https:\/\/analyse.optim.biz\/?p=227136","title":{"rendered":"T. B\u0103sescu: Rom\u00e2nia nu a declan\u0219at nicio procedur\u0103 legat\u0103 de preluarea func\u021biei de secretar general al NATO"},"content":{"rendered":"<div class=\"entry data-app-meta data-app-meta-article\" data-embed-base-url-canonical=\"https:\/\/www.digi24.ro\/embed\/stiri\/actualitate\/politica\/t-basescu-romania-nu-a-declansat-nicio-procedura-legata-de-preluarea-functiei-de-secretar-general-al-nato-75546\">\n<p data-index=\"1\">\u201e<span>Este prematur, iar actualul secretar general mai are un an \u0219i jum\u0103tate de mandat.<strong>\u00a0Doar presa de la noi e foarte gr\u0103bit\u0103<\/strong>\u201d, a declarat Traian B\u0103sescu, \u00een conferin\u021ba de pres\u0103 sus\u021binut\u0103, la Cotroceni, \u00eempreun\u0103 cu Anders Fogh Rasmussen.<\/span><\/p>\n<p data-index=\"2\">\u00a0Presa a vehiculat numele lui Traian B\u0103sescu \u015fi pe cel al lui Mircea Geoan\u0103 ca posibili candida\u0163i la func\u0163ia de secretar general al NATO.\u00a0<\/p>\n<p data-index=\"3\">\u201e<span>Mandatul meu nu va expira p\u00e2n\u0103 la finele lui iulie 2014. Deci cred c\u0103 este mult prea devreme s\u0103 \u00eencepem discu\u021biile cu privire la cine ar putea s\u0103 fie succesorul meu.<strong>\u00a0Dar, da\u021bi-mi voi s\u0103 v\u0103 spun c\u0103, \u00een general, exist\u0103 mul\u021bi politicieni talenta\u021bi \u00een statele aliate care ar putea s\u0103 ocupe aceast\u0103 pozi\u021bie<\/strong>\u201d, a declarat, la r\u00e2ndul s\u0103u, secretarul general al NATO.<\/span><\/p>\n<p data-index=\"4\">Anders Fogh Rasmussen a evitat s\u0103 dea vreun nume sau s\u0103 fac\u0103 vreun comentariu privind numele vehiculate \u00een Rom\u00e2nia.<\/p>\n<p data-index=\"5\"><strong>\u201eEste posibil &#8211; \u015fi e foarte posibil &#8211; ca viitorul secretar general al NATO s\u0103 provin\u0103 din una din \u0163\u0103rile noi membre NATO, asta \u00eenseamn\u0103 \u00een mod clar Polonia \u015fi Rom\u00e2nia.\u00a0<\/strong>\u015etiam c\u0103 nu este exclus s\u0103 fie un rom\u00e2n, deoarece altcineva, nu B\u0103sescu, a venit, a discutat cu mine acest subiect \u015fi am zis c\u0103 \u00eel sus\u0163in\u201d, a declarat Victor Ponta \u00eentr-o emisiune televizat\u0103.<\/p>\n<p data-index=\"6\"><strong>Mircea Geoan\u0103<\/strong>\u00a0este sprijinit \u015fi de colegii de partid. \u201e<strong>E mai aplecat spre aceast\u0103 chestiune. A fost ministrul de Externe c\u00e2nd \u0163ara a intrat \u00een NATO\u201d<\/strong>,\u00a0<strong>sus\u021bine Ioan Mircea Pa\u015fcu.<\/strong><\/p>\n<p data-index=\"7\"><strong>Citi\u021bi \u0219i\u00a0<a href=\"https:\/\/www.digi24.ro\/stire\/Secretarul-general-al-NATO-vine-azi-in-Romania-A-Rasmussen-va-discuta-cu-presedintele-Basescu-si-cu_105760\" target=\"_blank\" data-skip-linkfix=\"1\" rel=\"noopener\">Secretarul general al NATO vine azi \u00een Rom\u00e2nia. A. Rasmussen va discuta cu pre\u015fedintele B\u0103sescu \u015fi cu premierul Ponta<\/a><\/strong><\/p>\n<p data-index=\"8\">Fostul ministru al Ap\u0103r\u0103rii a explicat de ce Mircea Geoan\u0103 este un candidat mai bun dec\u00e2t Traian B\u0103sescu, un alt nume vehiculat pentru conducerea Alian\u0163ei Nord Atlantice:\u00a0<span>\u201e<strong>Traian B\u0103sescu nu are cum s\u0103 intre \u00een joc pentru c\u0103 nu a exista niciun fost pre\u015fedinte de stat care s\u0103 fie secretar general NATO. Este o func\u0163ie prea mic\u0103 pentru pozi\u0163ia de\u0163inut\u0103 anterior\u201d.<\/strong><\/span><\/p>\n<p data-index=\"9\">\u00cen urm\u0103 cu o lun\u0103, la<strong>\u00a0Digi24,\u00a0<\/strong>Victor Ponta afirma c\u0103 Executivul va sus\u0163ine candidatura unui reprezentant al Rom\u00e2niei, chiar dac\u0103 ar fi vorba despre Traian B\u0103sescu.<\/p>\n<p data-index=\"10\">Mircea Geoan\u0103 este sus\u0163inut chiar de un oficial american. Vicepre\u015fedintele executiv al Consiliului Altantic, Damon Wilson, a scris pe o re\u0163ea de socializare c\u0103 Mircea Geoan\u0103 este un candidat credibil pentru func\u0163ia de secretar general al NATO.<\/p>\n<p data-index=\"11\">Alegerea secretarului general NATO se face prin consult\u0103ri diplomatice \u00eentre statele membre. Un candidat este ales doar dac\u0103 toate \u0163\u0103rile \u00ee\u015fi dau acordul. De la \u00eenfiin\u0163area organiza\u0163iei, func\u0163ia a fost de\u0163inut\u0103 de trei britanici, trei olandezi \u015fi doi belgieni. Italia, Spania, Germania \u015fi Danermarca au dat, de asemenea, c\u00e2te un secretar general al NATO.<\/p>\n<p data-index=\"12\"><strong>\u00cen acest moment, doi rom\u00e2ni sunt \u00een structura NATO.<\/strong>\u00a0Sorin Ducaru este noul asistent pentru riscuri de securitate al Secretarului General. De trei ani, jurnalista Oana Lungescu este purt\u0103torul de cuv\u00e2nt al Alian\u0163ei.\u00a0<\/p>\n<\/div>\n<p> Source URL: https:\/\/www.digi24.ro\/stiri\/actualitate\/politica\/t-basescu-romania-nu-a-declansat-nicio-procedura-legata-de-preluarea-functiei-de-secretar-general-al-nato-75546<\/p>\n","protected":false},"excerpt":{"rendered":"<p>\u201eEste prematur, iar actualul secretar general mai are un an \u0219i jum\u0103tate de mandat.\u00a0Doar presa de la noi e foarte gr\u0103bit\u0103\u201d, a declarat Traian B\u0103sescu, \u00een conferin\u021ba de pres\u0103 sus\u021binut\u0103, la Cotroceni, \u00eempreun\u0103 cu Anders Fogh Rasmussen. \u00a0Presa a vehiculat numele lui Traian B\u0103sescu \u015fi pe cel al lui Mircea Geoan\u0103 ca posibili candida\u0163i la [&hellip;]<\/p>\n","protected":false},"author":1,"featured_media":227137,"comment_status":"open","ping_status":"","sticky":false,"template":"","format":"standard","meta":{"footnotes":""},"categories":[2],"tags":[11],"class_list":["post-227136","post","type-post","status-publish","format-standard","has-post-thumbnail","hentry","category-politics","tag-digi24"],"_links":{"self":[{"href":"https:\/\/analyse.optim.biz\/index.php?rest_route=\/wp\/v2\/posts\/227136","targetHints":{"allow":["GET"]}}],"collection":[{"href":"https:\/\/analyse.optim.biz\/index.php?rest_route=\/wp\/v2\/posts"}],"about":[{"href":"https:\/\/analyse.optim.biz\/index.php?rest_route=\/wp\/v2\/types\/post"}],"author":[{"embeddable":true,"href":"https:\/\/analyse.optim.biz\/index.php?rest_route=\/wp\/v2\/users\/1"}],"replies":[{"embeddable":true,"href":"https:\/\/analyse.optim.biz\/index.php?rest_route=%2Fwp%2Fv2%2Fcomments&post=227136"}],"version-history":[{"count":0,"href":"https:\/\/analyse.optim.biz\/index.php?rest_route=\/wp\/v2\/posts\/227136\/revisions"}],"wp:featuredmedia":[{"embeddable":true,"href":"https:\/\/analyse.optim.biz\/index.php?rest_route=\/wp\/v2\/media\/227137"}],"wp:attachment":[{"href":"https:\/\/analyse.optim.biz\/index.php?rest_route=%2Fwp%2Fv2%2Fmedia&parent=227136"}],"wp:term":[{"taxonomy":"category","embeddable":true,"href":"https:\/\/analyse.optim.biz\/index.php?rest_route=%2Fwp%2Fv2%2Fcategories&post=227136"},{"taxonomy":"post_tag","embeddable":true,"href":"https:\/\/analyse.optim.biz\/index.php?rest_route=%2Fwp%2Fv2%2Ftags&post=227136"}],"curies":[{"name":"wp","href":"https:\/\/api.w.org\/{rel}","templated":true}]}}