{"id":227122,"date":"2013-05-24T11:58:24","date_gmt":"2013-05-24T08:58:24","guid":{"rendered":"https:\/\/analyse.optim.biz\/?p=227122"},"modified":"2013-05-24T11:58:24","modified_gmt":"2013-05-24T08:58:24","slug":"patru-ore-pentru-legi-trei-de-oratorie-cum-isi-impart-parlamentarii-timpul-de-lucru","status":"publish","type":"post","link":"https:\/\/analyse.optim.biz\/?p=227122","title":{"rendered":"Patru ore pentru legi, trei de oratorie. Cum \u00ee\u0219i \u00eempart parlamentarii timpul de lucru"},"content":{"rendered":"<div class=\"entry data-app-meta data-app-meta-article\" data-embed-base-url-canonical=\"https:\/\/www.digi24.ro\/embed\/stiri\/actualitate\/politica\/patru-ore-pentru-legi-trei-de-oratorie-cum-isi-impart-parlamentarii-timpul-de-lucru-75591\">\n<p data-index=\"1\">Singura miz\u0103 \u0163ine de palmaresul personal &#8211; mai multe declara\u0163ii politice \u00eenseamn\u0103 mai multe lu\u0103ri de cuv\u00e2nt \u00een plen, iar parlamentarul se poate l\u0103uda apoi cu o activitate intens\u0103 la serviciu. \u00cen tot acest timp, zeci de proiecte de lege a\u015fteapt\u0103 cu anii s\u0103 fie votate.<\/p>\n<p data-index=\"2\">Ora 09.00, sala de \u015fedin\u0163\u0103 a Senatului, \u00eentr-o zi \u00een care ale\u015fii ar trebui s\u0103 \u00ee\u015fi sus\u0163in\u0103 declara\u0163iile politice pe diverse teme.\u00a0<strong>Doar patru senatori respect\u0103 programul. Dup\u0103 zece minute, mai apar c\u00e2\u0163iva parlamentari, iar pre\u015fedintele de \u015fedin\u0163\u0103 \u00eei num\u0103r\u0103 dintr-o privire.<\/strong><\/p>\n<p data-index=\"3\"><strong>\u201eChiar dac\u0103 suntem 16 senatori \u00een sal\u0103, a\u015fa a hot\u0103r\u00e2t Biroul Permanent: cine are declara\u0163ii politice vine \u015fi le prezint\u0103<\/strong>\u201d, spuneNicolae Moga, vicepre\u015fedinte al Senatului.<\/p>\n<p data-index=\"4\">Precizarea e important\u0103, pentru c\u0103 exist\u0103 cazuri \u00een care senatorii nu se mai obosesc s\u0103 vin\u0103 s\u0103-\u015fi citeasc\u0103 declara\u0163iile. Se mul\u0163umesc s\u0103 le depun\u0103, \u00een scris, la secretariat, pentru a fi siguri c\u0103 au bifat o activitate parlamentar\u0103.<\/p>\n<p data-index=\"5\">Cu o zi \u00een urm\u0103, la programul de interpel\u0103ri \u015fi \u00eentreb\u0103ri, tot at\u00e2\u0163ia senatori \u00een sal\u0103. Chiar dac\u0103 \u00eenainte de asta a fost \u015fedin\u0163a de plen, ale\u015fii s-au gr\u0103bit s\u0103 \u00ee\u015fi str\u00e2ng\u0103 lucrurile \u015fi s\u0103 plece.<\/p>\n<p data-index=\"6\"><strong>\u00centr-o s\u0103pt\u0103m\u00e2n\u0103, senatorii au avut trei ore destinate declara\u0163iilor politice \u015fi interpel\u0103rilor.<\/strong>\u00a0Prin compara\u0163ie, pentru dezbaterea legilor &#8211; cea mai important\u0103 dintre atribu\u0163iile parlamentarilor &#8211; \u015fi-au rezervat doar patru ore.<\/p>\n<p data-index=\"7\">\u00cen cele trei ore de vorbit \u00een fa\u0163a unei s\u0103li goale, unii au f\u0103cut declara\u0163ii paralele cu agenda cet\u0103\u0163eanului.<\/p>\n<p data-index=\"8\">Aceste declara\u0163ii politice se public\u0103 \u00een Monitorul Oficial \u015fi pot fi contabilizate \u00een CV-ul parlamentarului respectiv.<\/p>\n<p data-index=\"9\">Poate de aceea, conducerea Senatului a decis s\u0103 prelungeasc\u0103 timpul acordat acestor activit\u0103\u0163i parlamentare.\u00a0<strong>Nu \u00eens\u0103 \u015fi timpul alocat dezbaterii legilor, de\u015fi pe ordinea de zi a plenului se afl\u0103 55 de proiecte de lege \u015fi alte 61 a\u015fteapt\u0103 avizul comisiilor.<\/strong>\u00a0Iar \u00een cele patru ore de plen din aceast\u0103 s\u0103pt\u0103m\u00e2n\u0103, senatorii au votat doar 14 acte normative.<\/p>\n<p data-index=\"10\"><strong>Citi\u021bi \u0219i:<\/strong><\/p>\n<p data-index=\"11\"><a href=\"https:\/\/www.digi24.ro\/stire\/Chiul-anuntat-in-Parlament-Senatorii-nu-lucreaza-de-Rusaliile-catolice_104700\" target=\"_blank\" data-skip-linkfix=\"1\" rel=\"noopener\"><strong>Chiul anun\u0163at \u00een Parlament: Senatorii nu lucreaz\u0103 de Rusaliile catolice<\/strong><\/a><\/p>\n<p data-index=\"12\"><a href=\"https:\/\/www.digi24.ro\/stire\/Activitatea-in-teritoriu-chiul-pe-bani_99710\" target=\"_blank\" data-skip-linkfix=\"1\" rel=\"noopener\"><strong>Activitatea \u00een teritoriu a parlamentarilor, chiul pe bani<\/strong><\/a><\/p>\n<p data-index=\"13\"><a href=\"https:\/\/www.digi24.ro\/stire\/Cat-au-muncit-si-cati-bani-le-au-revenit-parlamentarilor-pentru-trei-luni_85773\" target=\"_blank\" data-skip-linkfix=\"1\" rel=\"noopener\"><strong>C\u00e2t au muncit \u0219i c\u00e2\u021bi bani le-au revenit parlamentarilor pentru trei luni de venit la serviciu<\/strong><\/a><\/p>\n<p data-index=\"14\"><a href=\"https:\/\/www.digi24.ro\/stire\/CHIUL-IN-PARLAMENT-Unde-sunt-alesii-Acum-o-luna-faceau-diverse-acum-sunt-la-studiu-individual_102046\" target=\"_blank\" data-skip-linkfix=\"1\" rel=\"noopener\"><strong>CHIUL \u00ceN PARLAMENT. Unde sunt ale\u015fii? Acum o lun\u0103 f\u0103ceau \u201ediverse\u201d, acum sunt la \u201estudiu individual\u201d<\/strong><\/a><\/p>\n<p data-index=\"15\"><a href=\"https:\/\/www.digi24.ro\/stire\/CAMERA-ASCUNSA-Prima-zi-de-chiul-in-institutiile-publice_68257\" target=\"_blank\" data-skip-linkfix=\"1\" rel=\"noopener\"><strong>CAMERA ASCUNS\u0102. Prima zi de chiul \u00een institu\u021biile publice<\/strong><\/a><\/p>\n<p data-index=\"16\"><a href=\"https:\/\/www.digi24.ro\/stire\/Parlamentarii-lucreaza-opt-zile-pe-luna_94816\" target=\"_blank\" data-skip-linkfix=\"1\" rel=\"noopener\"><strong>Parlamentarii lucreaz\u0103 opt zile pe lun\u0103<\/strong><\/a><\/p>\n<\/div>\n<p> Source URL: https:\/\/www.digi24.ro\/stiri\/actualitate\/politica\/patru-ore-pentru-legi-trei-de-oratorie-cum-isi-impart-parlamentarii-timpul-de-lucru-75591<\/p>\n","protected":false},"excerpt":{"rendered":"<p>Singura miz\u0103 \u0163ine de palmaresul personal &#8211; mai multe declara\u0163ii politice \u00eenseamn\u0103 mai multe lu\u0103ri de cuv\u00e2nt \u00een plen, iar parlamentarul se poate l\u0103uda apoi cu o activitate intens\u0103 la serviciu. \u00cen tot acest timp, zeci de proiecte de lege a\u015fteapt\u0103 cu anii s\u0103 fie votate. Ora 09.00, sala de \u015fedin\u0163\u0103 a Senatului, \u00eentr-o zi [&hellip;]<\/p>\n","protected":false},"author":1,"featured_media":227123,"comment_status":"open","ping_status":"","sticky":false,"template":"","format":"standard","meta":{"footnotes":""},"categories":[2],"tags":[11],"class_list":["post-227122","post","type-post","status-publish","format-standard","has-post-thumbnail","hentry","category-politics","tag-digi24"],"_links":{"self":[{"href":"https:\/\/analyse.optim.biz\/index.php?rest_route=\/wp\/v2\/posts\/227122","targetHints":{"allow":["GET"]}}],"collection":[{"href":"https:\/\/analyse.optim.biz\/index.php?rest_route=\/wp\/v2\/posts"}],"about":[{"href":"https:\/\/analyse.optim.biz\/index.php?rest_route=\/wp\/v2\/types\/post"}],"author":[{"embeddable":true,"href":"https:\/\/analyse.optim.biz\/index.php?rest_route=\/wp\/v2\/users\/1"}],"replies":[{"embeddable":true,"href":"https:\/\/analyse.optim.biz\/index.php?rest_route=%2Fwp%2Fv2%2Fcomments&post=227122"}],"version-history":[{"count":0,"href":"https:\/\/analyse.optim.biz\/index.php?rest_route=\/wp\/v2\/posts\/227122\/revisions"}],"wp:featuredmedia":[{"embeddable":true,"href":"https:\/\/analyse.optim.biz\/index.php?rest_route=\/wp\/v2\/media\/227123"}],"wp:attachment":[{"href":"https:\/\/analyse.optim.biz\/index.php?rest_route=%2Fwp%2Fv2%2Fmedia&parent=227122"}],"wp:term":[{"taxonomy":"category","embeddable":true,"href":"https:\/\/analyse.optim.biz\/index.php?rest_route=%2Fwp%2Fv2%2Fcategories&post=227122"},{"taxonomy":"post_tag","embeddable":true,"href":"https:\/\/analyse.optim.biz\/index.php?rest_route=%2Fwp%2Fv2%2Ftags&post=227122"}],"curies":[{"name":"wp","href":"https:\/\/api.w.org\/{rel}","templated":true}]}}