{"id":226737,"date":"2013-06-03T23:50:40","date_gmt":"2013-06-03T20:50:40","guid":{"rendered":"https:\/\/analyse.optim.biz\/?p=226737"},"modified":"2013-06-03T23:50:40","modified_gmt":"2013-06-03T20:50:40","slug":"vizita-fmi-in-romania-sub-semnul-confuziei","status":"publish","type":"post","link":"https:\/\/analyse.optim.biz\/?p=226737","title":{"rendered":"Vizita FMI \u00een Rom\u00e2nia, sub semnul confuziei"},"content":{"rendered":"<div class=\"entry data-app-meta data-app-meta-article\" data-embed-base-url-canonical=\"https:\/\/www.digi24.ro\/embed\/stiri\/actualitate\/politica\/vizita-fmi-in-romania-sub-semnul-confuziei-78598\">\n<p data-index=\"1\">Guvernul vrea s\u0103 \u00eencheie un nou acord cu FMI \u00een aceast\u0103 var\u0103. Iar luna viitoare ar trebui s\u0103 soseasc\u0103 \u00een Rom\u00e2nia o misiune a Fondului, dac\u0103 e s\u0103-i d\u0103m crezare ministrului de Finan\u0163e. Reprezentan\u0163ii FMI \u00eel contrazic \u00eens\u0103 pe Daniel Chi\u0163oiu. FMI nu are programat\u0103 nicio misiune \u00een Rom\u00e2nia p\u00e2n\u0103 la finalul acestui program,\u00a0<a href=\"https:\/\/www.digi24.ro\/stire\/Delegatia-FMI-nu-mai-vine-in-Romania_108332\" data-skip-linkfix=\"1\">au declarat pentru Digi24\u00a0<\/a>reprezentan\u0163ii biroului de pres\u0103 al institu\u0163iei financiare de la Washington.\u00a0<\/p>\n<p data-index=\"2\">Totu\u015fi, ministrul Finan\u0163elor sper\u0103 ca p\u00e2n\u0103 la sf\u00e2r\u015fitul lunii autorit\u0103\u0163ile s\u0103 rezolve angajamentele fa\u0163\u0103 de FMI. Incert\u0103 este, deocamdat\u0103, una din condi\u0163iile care at\u00e2rn\u0103 greu \u00een evaluarea final\u0103 a actualului acord preventiv \u015fi anume privatizarea CFR Marf\u0103.<\/p>\n<h5>Plata datoriilor vechi, un angajament niciodat\u0103 respectat<\/h5>\n<p data-index=\"3\"><strong>La fel de dificil\u0103 este \u015fi reducerea arieratelor autorit\u0103\u0163ilor locale cu mai bine de jum\u0103tate, p\u00e2n\u0103 la 300 de milioane de lei.\u00a0<\/strong>De altfel, plata datoriilor mai vechi de trei luni este un angajament asumat permanent de Rom\u00e2nia \u00een negocierile cu FMI, dar care nu a fost respectat niciodat\u0103. \u015eeful finan\u0163elor nu crede \u00eens\u0103 c\u0103 exist\u0103 motive de \u00eengrijorare.<\/p>\n<p data-index=\"4\">\u201e<strong>P\u00e2n\u0103 \u00een momentul de fa\u0163\u0103, nu avem nicio problem\u0103. Noi sper\u0103m ca p\u00e2n\u0103 pe 20 iunie s\u0103 avem toate \u0163intele asumate, \u00eendeplinite<\/strong>\u201d, a declarat ministrul<strong>\u00a0Daniel Chi\u0163oiu<\/strong>.<\/p>\n<p data-index=\"5\"><strong>Lista temelor nef\u0103cute cuprinde \u015fi numirea managerilor priva\u0163i la companiile de stat.\u00a0<\/strong>La scurt timp dup\u0103 instalarea \u00een func\u0163ii, directorii TAROM, CFR SA \u015fi CFR Marf\u0103, to\u0163i trei str\u0103ini, \u015fi-au dat demisia.<\/p>\n<p data-index=\"6\">Nerezolvarea angajamentelor va pune \u00een pericol \u00eennoirea \u00een\u0163elegerii cu FMI.<\/p>\n<p data-index=\"7\"><strong>Una din consecin\u0163e va fi scumpirea \u00eemprumuturilor contractate de stat. Iar asta \u00een condi\u0163iile \u00een care, anul acesta, Rom\u00e2nia trebuie s\u0103 pl\u0103teasc\u0103 peste un miliard de euro c\u0103tre FMI, UE \u015fi Banca Interna\u0163ional\u0103 pentru Reconstruc\u0163ie \u015fi Dezvoltare.\u00a0<\/strong>Suma reprezint\u0103 doar o mic\u0103 parte din creditul acordat \u00een 2009.<\/p>\n<p data-index=\"8\"><strong>\u0162inta de reducere a arieratelor<\/strong><\/p>\n<p data-index=\"9\">30 aprilie 2013 750 milioane lei<\/p>\n<p data-index=\"10\">30 iunie 2013 300 milioane lei<\/p>\n<p data-index=\"11\"><strong>Sursa:<\/strong>\u00a0Ministerul Finan\u0163elor<\/p>\n<p data-index=\"12\"><strong>Rambursarea creditului FMI, UE \u015fi BIRD<\/strong><\/p>\n<p data-index=\"13\">\u00cen 2013 suma total\u0103: 1,16 miliarde de euro<\/p>\n<p data-index=\"14\">\u00cen 2015 suma total\u0103: 1,82 miliarde de euro<\/p>\n<p data-index=\"15\">Suma \u00eemprumutat\u0103 \u00een 2009: 19,95 miliarde de euro<\/p>\n<p data-index=\"16\"><strong>Sursa:<\/strong>\u00a0Guvernul Rom\u00e2niei<\/p>\n<p data-index=\"17\"><strong>Citi\u021bi \u0219i:<\/strong><\/p>\n<p data-index=\"18\"><strong><a href=\"https:\/\/www.digi24.ro\/stire\/CFR-Marfa-pune-in-pericol-acordul-cu-FMI_103793\" data-skip-linkfix=\"1\">E\u0219ecul privatiz\u0103rii CFR Marf\u0103 pune \u00een pericol acordul cu FMI<\/a><\/strong><\/p>\n<p data-index=\"19\"><strong><a href=\"https:\/\/www.digi24.ro\/stire\/Angajarile-pun-in-pericol-acordul-cu-FMI_102874\" data-skip-linkfix=\"1\">Deblocarea angaj\u0103rilor la stat pune \u00een pericol acordul cu FMI<\/a><\/strong><\/p>\n<p data-index=\"20\"><strong><a href=\"https:\/\/www.digi24.ro\/stire\/Un-nou-acord-al-Romaniei-cu-FMI-este-incert_90439\" data-skip-linkfix=\"1\">Un nou acord al Rom\u00e2niei cu FMI este incert<\/a><\/strong><\/p>\n<\/div>\n<p> Source URL: https:\/\/www.digi24.ro\/stiri\/actualitate\/politica\/vizita-fmi-in-romania-sub-semnul-confuziei-78598<\/p>\n","protected":false},"excerpt":{"rendered":"<p>Guvernul vrea s\u0103 \u00eencheie un nou acord cu FMI \u00een aceast\u0103 var\u0103. Iar luna viitoare ar trebui s\u0103 soseasc\u0103 \u00een Rom\u00e2nia o misiune a Fondului, dac\u0103 e s\u0103-i d\u0103m crezare ministrului de Finan\u0163e. Reprezentan\u0163ii FMI \u00eel contrazic \u00eens\u0103 pe Daniel Chi\u0163oiu. FMI nu are programat\u0103 nicio misiune \u00een Rom\u00e2nia p\u00e2n\u0103 la finalul acestui program,\u00a0au declarat [&hellip;]<\/p>\n","protected":false},"author":1,"featured_media":226738,"comment_status":"open","ping_status":"","sticky":false,"template":"","format":"standard","meta":{"footnotes":""},"categories":[2],"tags":[11],"class_list":["post-226737","post","type-post","status-publish","format-standard","has-post-thumbnail","hentry","category-politics","tag-digi24"],"_links":{"self":[{"href":"https:\/\/analyse.optim.biz\/index.php?rest_route=\/wp\/v2\/posts\/226737","targetHints":{"allow":["GET"]}}],"collection":[{"href":"https:\/\/analyse.optim.biz\/index.php?rest_route=\/wp\/v2\/posts"}],"about":[{"href":"https:\/\/analyse.optim.biz\/index.php?rest_route=\/wp\/v2\/types\/post"}],"author":[{"embeddable":true,"href":"https:\/\/analyse.optim.biz\/index.php?rest_route=\/wp\/v2\/users\/1"}],"replies":[{"embeddable":true,"href":"https:\/\/analyse.optim.biz\/index.php?rest_route=%2Fwp%2Fv2%2Fcomments&post=226737"}],"version-history":[{"count":0,"href":"https:\/\/analyse.optim.biz\/index.php?rest_route=\/wp\/v2\/posts\/226737\/revisions"}],"wp:featuredmedia":[{"embeddable":true,"href":"https:\/\/analyse.optim.biz\/index.php?rest_route=\/wp\/v2\/media\/226738"}],"wp:attachment":[{"href":"https:\/\/analyse.optim.biz\/index.php?rest_route=%2Fwp%2Fv2%2Fmedia&parent=226737"}],"wp:term":[{"taxonomy":"category","embeddable":true,"href":"https:\/\/analyse.optim.biz\/index.php?rest_route=%2Fwp%2Fv2%2Fcategories&post=226737"},{"taxonomy":"post_tag","embeddable":true,"href":"https:\/\/analyse.optim.biz\/index.php?rest_route=%2Fwp%2Fv2%2Ftags&post=226737"}],"curies":[{"name":"wp","href":"https:\/\/api.w.org\/{rel}","templated":true}]}}