{"id":226726,"date":"2013-06-03T23:56:09","date_gmt":"2013-06-03T20:56:09","guid":{"rendered":"https:\/\/analyse.optim.biz\/?p=226726"},"modified":"2013-06-03T23:56:09","modified_gmt":"2013-06-03T20:56:09","slug":"t-baconschi-avem-o-elita-politica-necioplita-nu-sunt-oameni-care-sa-poata-juca-jocul-european","status":"publish","type":"post","link":"https:\/\/analyse.optim.biz\/?p=226726","title":{"rendered":"T. Baconschi: Avem o elit\u0103 politic\u0103 necioplit\u0103. Nu sunt oameni care s\u0103 poat\u0103 juca jocul european"},"content":{"rendered":"<div class=\"entry data-app-meta data-app-meta-article\" data-embed-base-url-canonical=\"https:\/\/www.digi24.ro\/embed\/stiri\/actualitate\/politica\/t-baconschi-avem-o-elita-politica-necioplita-nu-sunt-oameni-care-sa-poata-juca-jocul-european-78603\">\n<p data-index=\"1\">\u201e<span>Sunt convins c\u0103 pe partea dreapt\u0103 exist\u0103 o vast\u0103 a\u0219teptare frustrat\u0103 din partea mediului de afaceri, ale patronilor de IMM-uri, al persoanelor din mediul urban mai educate, care \u00ee\u0219i doresc un vehicul politic nou. Sunt deja diverse locuri unde un astfel de vehicul ar putea fi construit. Exist\u0103 ni\u0219te mici \u0219antiere, partide noi, o alian\u021b\u0103 (dintre For\u021ba Civica \u0219i b\u0103tr\u00e2nul PN\u021aCD).\u00a0<\/span>Pe pia\u021b\u0103 se contureaz\u0103 \u0219i se pretind din partea celor care sunt \u00eengrijora\u021bi de dispropor\u021biile USL PDL \u0219i ar vrea s\u0103 umple acest gol care s\u0103 \u00eencarneze prin cariera lor un alt standard.\u00a0<strong>La cinci, \u0219ase ani dup\u0103 integrare avem o elit\u0103 politic\u0103 necioplit\u0103 \u0219i, cu mici excep\u021bii, nu sunt oameni care s\u0103 poat\u0103 juca jocul european<\/strong>\u201d, a afirmat Theodor Baconschi.<\/p>\n<p data-index=\"2\">\u00cen acela\u0219i registru, fostul ministru de Externe \u0219i-a exprimat p\u0103rerea c\u0103 politica din Rom\u00e2nia este \u201esufocat\u0103\u201d de personaje egoiste:\u00a0<strong>\u201eScena politic\u0103 rom\u00e2n\u0103 este sufocat\u0103 de acelea\u0219i personaje egoiste, eficiente \u00een gestionarea unor re\u021bele \u0219i a unor resurse \u0219i care ocup\u0103 aproape f\u0103r\u0103 rest, dup\u0103 cum s-a v\u0103zut \u00een cazul nostru nici m\u0103car o m\u00e2n\u0103 de nou veni\u021bi nu \u0219i-a putut g\u0103si un loc acolo\u201d<\/strong>.<\/p>\n<p data-index=\"3\">Theodor Baconschi a vorbit \u0219i despre demisia sa din PDL, pe care o catalogheaz\u0103 ca fiind un gest de demnitate.<\/p>\n<p data-index=\"4\">\u201e<span><strong>Mi s-a p\u0103rut c\u0103 asum un gest de demnitate \u0219i normalitate \u00eentr-un context politic profund alterat.<\/strong>\u00a0Mi se pare o reac\u021bie de bun sim\u021b \u00een momentul \u00een care ri\u0219ti s\u0103 fii exclus dintr-o organiza\u021bie politic\u0103, \u00een ciuda faptelor tale de arme, a eforturilor din ani de zile, a implic\u0103rii. Ce-\u021bi r\u0103m\u00e2ne, dec\u00e2t s\u0103 te retragi?\u201d, a declarat fostul ministru de Externe.<\/span><\/p>\n<p data-index=\"5\">Theodor Baconschi a fost \u00eentrebat de ce nu a luat \u00een considerare s\u0103 aplice tactica lui Cristian Preda, care a participat la \u0219edin\u021ba Biroului Permanent Na\u021bional, de\u0219i nu fusese invitat, fiind apoi suspendat din partid pentru o perioad\u0103 de \u0219ase luni. Acesta a r\u0103spuns c\u0103 nu consider\u0103 c\u0103 discursul reformi\u0219tilor din PDL merita o sanc\u021biune.<\/p>\n<p data-index=\"6\">\u201e<span>Trebuiau excluse acele erori de comportament politic care justific\u0103 sanc\u021biunea aspr\u0103 primit\u0103 la 9 decembrie din partea electoratului de dreapta. Nu s-a \u00eent\u00e2mplat \u00een astea \u0219ase luni nimic care s\u0103 permit\u0103 o redresare real\u0103 a partidului.\u00a0<strong>E un capitol \u00eenchis pentru mine. Cred c\u0103 \u00een scrisoarea pe care am adresat-o domnului Vasile Blaga am expus cu sobrietate tot ce era de spus despre aceast\u0103 desp\u0103r\u021bire amiabil\u0103<\/strong>\u201d, a sus\u021binut Baconschi.<\/span><\/p>\n<p data-index=\"7\">\u00centrebat fiind ce va face \u00een continuare, fostul ministru de Externe a replicat c\u0103 un r\u0103spuns din partea sa ar \u00eensemna c\u0103 a premeditat aceast\u0103 desp\u0103r\u021bire.<\/p>\n<p data-index=\"8\">\u201e<span>Eu m-am g\u00e2ndit c\u0103 \u00een PDL vor fi destule glasuri curajoase, lucide care s\u0103 treac\u0103 de aversit\u0103\u021bi personale \u00een direc\u021bia unui plan real de creconstruc\u021bie \u0219i relansare a partidului. Nu mi-am dat demisia av\u00e2nd \u00een buzunar adeziunea pentru alt\u0103 for\u021b\u0103 politic\u0103\u201d, a m\u0103rturisit Baconschi.<\/span><\/p>\n<p data-index=\"9\">Theodor Baconschi a recunoscut c\u0103 simte un anumit ata\u0219ament fa\u021b\u0103 de PDL, sus\u021bin\u00e2nd c\u0103 nu poart\u0103 pic\u0103 nim\u0103nui din partid.<\/p>\n<p data-index=\"10\"><strong>\u201e<\/strong><span><strong>Dezvol\u021bi un anumit ata\u0219ament fa\u021b\u0103 de un partid cu care lucrezi c\u00e2\u021biva ani. Nu plec de acolo cu hard feelings \u00eempotriva cuiva. Politica te pune \u0219i \u00een situa\u021bia de a gestiona aversit\u0103\u021bi personale\u201d<\/strong>, a spus Baconschi.<\/span><\/p>\n<p data-index=\"11\"><strong>Citi\u021bi \u0219i:<\/strong><\/p>\n<p data-index=\"12\"><strong><a href=\"https:\/\/www.digi24.ro\/Stiri\/Digi24\/Actualitate\/Stiri\/Teodor+Baconschi+si-a+demisia+din+PDL+Plec+fara+urma+de+resentim\" target=\"_blank\" data-skip-linkfix=\"1\" rel=\"noopener\"><span>Teodor Baconschi \u0219i-a dat demisia din PDL: \u201ePlec f\u0103r\u0103 urm\u0103 de resentiment\u201d<\/span><\/a><\/strong><\/p>\n<\/div>\n<p> Source URL: https:\/\/www.digi24.ro\/stiri\/actualitate\/politica\/t-baconschi-avem-o-elita-politica-necioplita-nu-sunt-oameni-care-sa-poata-juca-jocul-european-78603<\/p>\n","protected":false},"excerpt":{"rendered":"<p>\u201eSunt convins c\u0103 pe partea dreapt\u0103 exist\u0103 o vast\u0103 a\u0219teptare frustrat\u0103 din partea mediului de afaceri, ale patronilor de IMM-uri, al persoanelor din mediul urban mai educate, care \u00ee\u0219i doresc un vehicul politic nou. Sunt deja diverse locuri unde un astfel de vehicul ar putea fi construit. Exist\u0103 ni\u0219te mici \u0219antiere, partide noi, o alian\u021b\u0103 [&hellip;]<\/p>\n","protected":false},"author":1,"featured_media":226727,"comment_status":"open","ping_status":"","sticky":false,"template":"","format":"standard","meta":{"footnotes":""},"categories":[2],"tags":[11],"class_list":["post-226726","post","type-post","status-publish","format-standard","has-post-thumbnail","hentry","category-politics","tag-digi24"],"_links":{"self":[{"href":"https:\/\/analyse.optim.biz\/index.php?rest_route=\/wp\/v2\/posts\/226726","targetHints":{"allow":["GET"]}}],"collection":[{"href":"https:\/\/analyse.optim.biz\/index.php?rest_route=\/wp\/v2\/posts"}],"about":[{"href":"https:\/\/analyse.optim.biz\/index.php?rest_route=\/wp\/v2\/types\/post"}],"author":[{"embeddable":true,"href":"https:\/\/analyse.optim.biz\/index.php?rest_route=\/wp\/v2\/users\/1"}],"replies":[{"embeddable":true,"href":"https:\/\/analyse.optim.biz\/index.php?rest_route=%2Fwp%2Fv2%2Fcomments&post=226726"}],"version-history":[{"count":0,"href":"https:\/\/analyse.optim.biz\/index.php?rest_route=\/wp\/v2\/posts\/226726\/revisions"}],"wp:featuredmedia":[{"embeddable":true,"href":"https:\/\/analyse.optim.biz\/index.php?rest_route=\/wp\/v2\/media\/226727"}],"wp:attachment":[{"href":"https:\/\/analyse.optim.biz\/index.php?rest_route=%2Fwp%2Fv2%2Fmedia&parent=226726"}],"wp:term":[{"taxonomy":"category","embeddable":true,"href":"https:\/\/analyse.optim.biz\/index.php?rest_route=%2Fwp%2Fv2%2Fcategories&post=226726"},{"taxonomy":"post_tag","embeddable":true,"href":"https:\/\/analyse.optim.biz\/index.php?rest_route=%2Fwp%2Fv2%2Ftags&post=226726"}],"curies":[{"name":"wp","href":"https:\/\/api.w.org\/{rel}","templated":true}]}}