{"id":226704,"date":"2013-05-23T21:14:52","date_gmt":"2013-05-23T18:14:52","guid":{"rendered":"https:\/\/analyse.optim.biz\/?p=226704"},"modified":"2013-05-23T21:14:52","modified_gmt":"2013-05-23T18:14:52","slug":"klaus-iohannis-ceva-nu-e-bine-in-usl","status":"publish","type":"post","link":"https:\/\/analyse.optim.biz\/?p=226704","title":{"rendered":"Klaus Iohannis: Ceva nu e bine \u00een USL"},"content":{"rendered":"<div class=\"entry data-app-meta data-app-meta-article\" data-embed-base-url-canonical=\"https:\/\/www.digi24.ro\/embed\/stiri\/actualitate\/politica\/klaus-iohannis-ceva-nu-e-bine-in-usl-75485\">\n<p data-index=\"1\">Primarul Sibiului a declarat c\u0103, \u00een cazul lui Sorin Ro\u0219ca St\u0103nescu, pe care\u00a0<a href=\"https:\/\/www.digi24.ro\/Stiri\/Digi24\/Actualitate\/Politica\/V+Ponta+Daca+Stanescu+ramane+senator+PNL+inseamna+ca+acordul+USL\" data-skip-linkfix=\"1\">PSD \u00eel vrea exclus din PNL,<\/a>\u00a0este ceva \u00een neregul\u0103.<\/p>\n<p data-index=\"2\">\u201eUnele dintre afirma\u021bii nu trebuiau f\u0103cute, e clar. Pe de alt\u0103 parte, mi se pare o reac\u021bie pu\u021bin exagerat\u0103, au fost \u0219i al\u021bi parlamentari care au avut p\u0103reri chiar mai dure la adresa guvern\u0103rii dec\u00e2t acesta, nu s-a sesizat nimeni, nu a comentat nimeni\u201d, a spus Iohannis.<\/p>\n<h5>Subiectul a fost dezb\u0103tut \u0219i \u00een emisiunea \u201eJurnalul de sear\u0103\u201d<\/h5>\n<p data-index=\"3\">\u201eNefiind parlamentar, \u00ee\u0219i d\u0103 cu p\u0103rerea de la Sibiu. \u0102sta a fost momentul care a inflamat spiritele.\u00a0<strong>Dac\u0103 a\u021bi v\u0103zut ultimele reac\u021bii ale lui Ro\u0219ca St\u0103nescu, sunt mai moderate, \u00eencearc\u0103 s\u0103 calmeze lucrurile. Ar fi grav dac\u0103 USL ajunge s\u0103 se rup\u0103 pe declara\u021bii ale lui Ro\u0219ca St\u0103nescu\u201d,<\/strong>\u00a0a spus Florin Iordache, deputat PSD.<\/p>\n<p data-index=\"4\">\u201eAsta e ori ne\u00een\u021belegere, ori vorbim despre puncte de diversiune introduse \u00een principale posturi de televiziune \u0219i \u00een discursurile politicienilor.\u00a0<strong>Nu poate Sorin Ro\u0219ca St\u0103nescu s\u0103 rup\u0103 USL, nu e vorba de el. A plecat din jurnalism pe jum\u0103tate, \u00een politic\u0103 nu a ajuns \u00eenc\u0103. Motivele reale nu sunt declara\u021biile lui.\u00a0<\/strong>Cred c\u0103 ruperea coali\u021biei ar fi p\u0103guboas\u0103 pentru Rom\u00e2nia, dar nici men\u021binerea ei \u00een actualele cadre de protocol nu poate duce la ceva bine\u201d, a declarat Iosif Boda, analist.<\/p>\n<p data-index=\"5\">\u201e<strong>Odat\u0103 cu scandalul SRS au ap\u0103rut stenogramele din \u0219edin\u021bele PNL, vor ap\u0103rea tot mai multe probleme \u00een USL \u0219i nu neap\u0103rat Ro\u0219ca St\u0103nescu va rupe USL<\/strong>, dar cred c\u0103 va fi un motiv pentru PSD s\u0103 rup\u0103 USL la un moment dat. Declara\u021biile lui Ponta sunt tot mai agresive \u00een a cere scoaterea lui Ro\u0219ca St\u0103nescu din PNL. Ponta nu ar trebui s\u0103 se amestece \u00een problemele unui alt partid, dar cred c\u0103 o face inten\u021bionat, pentru a avea un motiv la un moment dat. Noi vrem s\u0103 r\u0103m\u00e2n\u0103 \u00eempreun\u0103, pentru c\u0103 \u00eempreun\u0103 au c\u00e2\u0219tigat \u0219i trebuie s\u0103 dea socoteal\u0103 rom\u00e2nilor tot \u00eempreun\u0103\u201d, a explicat Alin Popoviciu, deputat PDL.<\/p>\n<p data-index=\"6\">\u201e<strong>Mi-e team\u0103 c\u0103 alian\u021ba func\u021bioneaz\u0103 uneori unitar, alteori separat, \u00een func\u021bie de interese. Ar trebui privite \u0219i alte fenomele din PNL despre dubla m\u0103sur\u0103.<\/strong>\u00a0Ro\u0219ca St\u0103nescu face afirma\u021bii riscante despre premier, Moisescu \u0219i Chiliman sunt urm\u0103ri\u021bi ca \u0219i cum sunt du\u0219mani de clas\u0103. \u00cen partide e\u0219ti viteaz c\u00e2nd \u00ee\u021bi aperi omul care \u00eel atac\u0103 pe partener sau pe inamic. Uneori nu \u0219tiu dac\u0103, pentru Antonescu, Ponta e partener sau inamic\u201d, a subliniat Ioan Stanomir, politolog.<\/p>\n<p data-index=\"7\">\u201e<strong>USL se va rupe poate c\u00e2nd unul din parteneri se va sim\u021bi suficient de puternic pentru a forma singur guvernul \u0219i a guverna singur<\/strong>, lu\u00e2nd \u0219i parlamentari din alte p\u0103r\u021bi. Nu ne a\u0219teapt\u0103 lucruri lini\u0219titoare, m\u0103 mir\u0103 c\u0103 aproape toat\u0103 dezbaterea public\u0103 e concentrat\u0103 \u00een jurul unor subiecte m\u0103runte, care duc lumea \u00een alt\u0103 sfer\u0103, o s\u0103 ne trezim iar \u00een fa\u021ba unor alegeri, m\u0103 refer la europarlamentare. E acum o miz\u0103 mai mare dec\u00e2t a fost vreodat\u0103 \u00een istoria Parlamentului European\u201d, a declarat Boda.<\/p>\n<\/div>\n<p> Source URL: https:\/\/www.digi24.ro\/stiri\/actualitate\/politica\/klaus-iohannis-ceva-nu-e-bine-in-usl-75485<\/p>\n","protected":false},"excerpt":{"rendered":"<p>Primarul Sibiului a declarat c\u0103, \u00een cazul lui Sorin Ro\u0219ca St\u0103nescu, pe care\u00a0PSD \u00eel vrea exclus din PNL,\u00a0este ceva \u00een neregul\u0103. \u201eUnele dintre afirma\u021bii nu trebuiau f\u0103cute, e clar. Pe de alt\u0103 parte, mi se pare o reac\u021bie pu\u021bin exagerat\u0103, au fost \u0219i al\u021bi parlamentari care au avut p\u0103reri chiar mai dure la adresa guvern\u0103rii [&hellip;]<\/p>\n","protected":false},"author":1,"featured_media":226705,"comment_status":"open","ping_status":"","sticky":false,"template":"","format":"standard","meta":{"footnotes":""},"categories":[2],"tags":[11],"class_list":["post-226704","post","type-post","status-publish","format-standard","has-post-thumbnail","hentry","category-politics","tag-digi24"],"_links":{"self":[{"href":"https:\/\/analyse.optim.biz\/index.php?rest_route=\/wp\/v2\/posts\/226704","targetHints":{"allow":["GET"]}}],"collection":[{"href":"https:\/\/analyse.optim.biz\/index.php?rest_route=\/wp\/v2\/posts"}],"about":[{"href":"https:\/\/analyse.optim.biz\/index.php?rest_route=\/wp\/v2\/types\/post"}],"author":[{"embeddable":true,"href":"https:\/\/analyse.optim.biz\/index.php?rest_route=\/wp\/v2\/users\/1"}],"replies":[{"embeddable":true,"href":"https:\/\/analyse.optim.biz\/index.php?rest_route=%2Fwp%2Fv2%2Fcomments&post=226704"}],"version-history":[{"count":0,"href":"https:\/\/analyse.optim.biz\/index.php?rest_route=\/wp\/v2\/posts\/226704\/revisions"}],"wp:featuredmedia":[{"embeddable":true,"href":"https:\/\/analyse.optim.biz\/index.php?rest_route=\/wp\/v2\/media\/226705"}],"wp:attachment":[{"href":"https:\/\/analyse.optim.biz\/index.php?rest_route=%2Fwp%2Fv2%2Fmedia&parent=226704"}],"wp:term":[{"taxonomy":"category","embeddable":true,"href":"https:\/\/analyse.optim.biz\/index.php?rest_route=%2Fwp%2Fv2%2Fcategories&post=226704"},{"taxonomy":"post_tag","embeddable":true,"href":"https:\/\/analyse.optim.biz\/index.php?rest_route=%2Fwp%2Fv2%2Ftags&post=226704"}],"curies":[{"name":"wp","href":"https:\/\/api.w.org\/{rel}","templated":true}]}}