{"id":226679,"date":"2013-06-05T12:23:54","date_gmt":"2013-06-05T09:23:54","guid":{"rendered":"https:\/\/analyse.optim.biz\/?p=226679"},"modified":"2013-06-05T12:23:54","modified_gmt":"2013-06-05T09:23:54","slug":"proprietarii-de-presa-nu-vor-mai-raspunde-civil-pentru-materialele-difuzate","status":"publish","type":"post","link":"https:\/\/analyse.optim.biz\/?p=226679","title":{"rendered":"Proprietarii de pres\u0103 nu vor mai r\u0103spunde civil pentru materialele difuzate"},"content":{"rendered":"<div class=\"entry data-app-meta data-app-meta-article\" data-embed-base-url-canonical=\"https:\/\/www.digi24.ro\/embed\/stiri\/actualitate\/politica\/proprietarii-de-presa-nu-vor-mai-raspunde-civil-pentru-materialele-difuzate-79012\">\n<p data-index=\"1\">O modificare de form\u0103 a fost adus\u0103 articolului 30 \u2013 alineatul 4 unde s-a prev\u0103zut c\u0103 niciun mijloc de comunicare \u00een mas\u0103 nu poate fi suprimat. Forma ini\u0163ial\u0103 se referea la \u201epublica\u0163ie\u201d, termen care a fost \u00eenlocuit cu \u201emijloc de comunicare \u00een mas\u0103\u201d.<\/p>\n<p data-index=\"2\">Totodat\u0103, potrivit articolului 30, alineatul 5, mijloacele de comunicare \u00een mas\u0103 vor fi obligate s\u0103 declare public sursele finan\u0163\u0103rii \u015fi structura ac\u0163ionariatului. O astfel de prevedere era inclus\u0103 p\u00e2n\u0103 acum doar \u00eentr-o lege organic\u0103, iar acum va exista \u015fi \u00een Constitu\u0163ie.<\/p>\n<\/div>\n<p> Source URL: https:\/\/www.digi24.ro\/stiri\/actualitate\/politica\/proprietarii-de-presa-nu-vor-mai-raspunde-civil-pentru-materialele-difuzate-79012<\/p>\n","protected":false},"excerpt":{"rendered":"<p>O modificare de form\u0103 a fost adus\u0103 articolului 30 \u2013 alineatul 4 unde s-a prev\u0103zut c\u0103 niciun mijloc de comunicare \u00een mas\u0103 nu poate fi suprimat. Forma ini\u0163ial\u0103 se referea la \u201epublica\u0163ie\u201d, termen care a fost \u00eenlocuit cu \u201emijloc de comunicare \u00een mas\u0103\u201d. Totodat\u0103, potrivit articolului 30, alineatul 5, mijloacele de comunicare \u00een mas\u0103 vor [&hellip;]<\/p>\n","protected":false},"author":1,"featured_media":226680,"comment_status":"open","ping_status":"","sticky":false,"template":"","format":"standard","meta":{"footnotes":""},"categories":[2],"tags":[11],"class_list":["post-226679","post","type-post","status-publish","format-standard","has-post-thumbnail","hentry","category-politics","tag-digi24"],"_links":{"self":[{"href":"https:\/\/analyse.optim.biz\/index.php?rest_route=\/wp\/v2\/posts\/226679","targetHints":{"allow":["GET"]}}],"collection":[{"href":"https:\/\/analyse.optim.biz\/index.php?rest_route=\/wp\/v2\/posts"}],"about":[{"href":"https:\/\/analyse.optim.biz\/index.php?rest_route=\/wp\/v2\/types\/post"}],"author":[{"embeddable":true,"href":"https:\/\/analyse.optim.biz\/index.php?rest_route=\/wp\/v2\/users\/1"}],"replies":[{"embeddable":true,"href":"https:\/\/analyse.optim.biz\/index.php?rest_route=%2Fwp%2Fv2%2Fcomments&post=226679"}],"version-history":[{"count":0,"href":"https:\/\/analyse.optim.biz\/index.php?rest_route=\/wp\/v2\/posts\/226679\/revisions"}],"wp:featuredmedia":[{"embeddable":true,"href":"https:\/\/analyse.optim.biz\/index.php?rest_route=\/wp\/v2\/media\/226680"}],"wp:attachment":[{"href":"https:\/\/analyse.optim.biz\/index.php?rest_route=%2Fwp%2Fv2%2Fmedia&parent=226679"}],"wp:term":[{"taxonomy":"category","embeddable":true,"href":"https:\/\/analyse.optim.biz\/index.php?rest_route=%2Fwp%2Fv2%2Fcategories&post=226679"},{"taxonomy":"post_tag","embeddable":true,"href":"https:\/\/analyse.optim.biz\/index.php?rest_route=%2Fwp%2Fv2%2Ftags&post=226679"}],"curies":[{"name":"wp","href":"https:\/\/api.w.org\/{rel}","templated":true}]}}