{"id":226668,"date":"2013-06-05T15:48:57","date_gmt":"2013-06-05T12:48:57","guid":{"rendered":"https:\/\/analyse.optim.biz\/?p=226668"},"modified":"2013-06-05T15:48:57","modified_gmt":"2013-06-05T12:48:57","slug":"locurile-de-parlamentar-ale-lui-george-becali-si-aurel-nechita-vacantate-de-camera-deputatilor","status":"publish","type":"post","link":"https:\/\/analyse.optim.biz\/?p=226668","title":{"rendered":"Locurile de parlamentar ale lui George Becali \u0219i Aurel Nechita, vacantate de Camera Deputa\u021bilor"},"content":{"rendered":"<div class=\"entry data-app-meta data-app-meta-article\" data-embed-base-url-canonical=\"https:\/\/www.digi24.ro\/embed\/stiri\/actualitate\/politica\/locurile-de-parlamentar-ale-lui-george-becali-si-aurel-nechita-vacantate-de-camera-deputatilor-79129\">\n<p data-index=\"1\">Vacantarea postului de deputat din circumscrip\u0163ia 42 Bucure\u015fti al lui George Becali\u00a0a \u00eenregistrat 247 voturi \u201epentru\u201d, unul \u201e\u00eempotriv\u0103\u201d \u015fi dou\u0103 ab\u0163ineri, informeaz\u0103 Mediafax.<\/p>\n<p data-index=\"2\">Vacantarea postului de deputat din circumscrip\u0163ia 18 Gala\u0163i al lui\u00a0Aurel Nechita\u00a0a avut 242 voturi \u201epentru\u201d, 2 \u201e\u00eempotriv\u0103\u201d \u015fi 6 ab\u0163ineri.<\/p>\n<p data-index=\"3\"><strong>Pre\u015fedintele Camerei Deputa\u0163ilor,\u00a0Valeriu Zgonea, declarase, miercuri, dup\u0103 \u015fedin\u0163a Biroului Permanent, c\u0103 proiectele de hot\u0103r\u00e2re privind vacantarea locurilor de deputat ale lui George Becali \u015fi Aurel Nechita trebuie votate de plenul Camerei.<\/strong><\/p>\n<p data-index=\"4\">\u201eSe vor vota proiectele de hot\u0103r\u00e2re de vacantare a postutilor de deputat ale lui Becali \u015fi Nechita. Vacantarea posturilor \u015fi publicarea \u00een Monitorul Oficial se poate face doar printr-un vot al plenului\u201d, a explicat Valeriu Zgonea.<\/p>\n<p data-index=\"5\">El a spus c\u0103 pentru pierderea mandatului ca urmare a unei hot\u0103r\u00e2ri judec\u0103tore\u015fti nu trebuie un vot, \u00een schimb pentru vacantarea posturilor este necesar.<\/p>\n<p data-index=\"6\">\u201ePierderea mandatului este una \u015fi vacantarea este alta. Vacantarea se face prin vot\u201d, a mai ar\u0103tat Valeriu Zgonea.<\/p>\n<p data-index=\"7\"><strong>El a mai spus c\u0103 proiectul de hot\u0103r\u00e2re de vacantare este obliga\u0163ia Parlamentului c\u0103tre Guvern pentru a \u00eendeplini procedura legal\u0103 de a organiza alegeri par\u0163iale \u00een termen de 45 de zile de la vacantare.<\/strong><\/p>\n<p data-index=\"8\">Pre\u0219edintele Camerei Deputa\u021bilor a spus c\u0103 trimiterea proiectului de hot\u0103r\u00e2re \u00een privin\u0163a lui George Becali la Monitorul Oficial a fost o eroare, dar c\u0103 niciun parlamentar nu este vinovat de acest lucru.<\/p>\n<p data-index=\"9\">\u201eCei care sunt \u00een staff-ul tehnic o s\u0103 aib\u0103 o surpriz\u0103 c\u00e2nd se va modifica Regulamentul. Nu permit astfel de lucruri. Pentru erorile materiale pe care le faci, trebuie s\u0103 r\u0103spunzi. Nu este vinovat niciun parlamentar. De aceea avem 751 de func\u0163ionari publici\u201d, a ad\u0103ugat Valeriu Zgonea.<\/p>\n<p data-index=\"10\">George Becali a fost condamnat la 3 ani de \u00eenchisoare, iar Aurel Nechita a fost declarat incompatibil.<\/p>\n<\/div>\n<p> Source URL: https:\/\/www.digi24.ro\/stiri\/actualitate\/politica\/locurile-de-parlamentar-ale-lui-george-becali-si-aurel-nechita-vacantate-de-camera-deputatilor-79129<\/p>\n","protected":false},"excerpt":{"rendered":"<p>Vacantarea postului de deputat din circumscrip\u0163ia 42 Bucure\u015fti al lui George Becali\u00a0a \u00eenregistrat 247 voturi \u201epentru\u201d, unul \u201e\u00eempotriv\u0103\u201d \u015fi dou\u0103 ab\u0163ineri, informeaz\u0103 Mediafax. Vacantarea postului de deputat din circumscrip\u0163ia 18 Gala\u0163i al lui\u00a0Aurel Nechita\u00a0a avut 242 voturi \u201epentru\u201d, 2 \u201e\u00eempotriv\u0103\u201d \u015fi 6 ab\u0163ineri. Pre\u015fedintele Camerei Deputa\u0163ilor,\u00a0Valeriu Zgonea, declarase, miercuri, dup\u0103 \u015fedin\u0163a Biroului Permanent, c\u0103 proiectele [&hellip;]<\/p>\n","protected":false},"author":1,"featured_media":226669,"comment_status":"open","ping_status":"","sticky":false,"template":"","format":"standard","meta":{"footnotes":""},"categories":[2],"tags":[11],"class_list":["post-226668","post","type-post","status-publish","format-standard","has-post-thumbnail","hentry","category-politics","tag-digi24"],"_links":{"self":[{"href":"https:\/\/analyse.optim.biz\/index.php?rest_route=\/wp\/v2\/posts\/226668","targetHints":{"allow":["GET"]}}],"collection":[{"href":"https:\/\/analyse.optim.biz\/index.php?rest_route=\/wp\/v2\/posts"}],"about":[{"href":"https:\/\/analyse.optim.biz\/index.php?rest_route=\/wp\/v2\/types\/post"}],"author":[{"embeddable":true,"href":"https:\/\/analyse.optim.biz\/index.php?rest_route=\/wp\/v2\/users\/1"}],"replies":[{"embeddable":true,"href":"https:\/\/analyse.optim.biz\/index.php?rest_route=%2Fwp%2Fv2%2Fcomments&post=226668"}],"version-history":[{"count":0,"href":"https:\/\/analyse.optim.biz\/index.php?rest_route=\/wp\/v2\/posts\/226668\/revisions"}],"wp:featuredmedia":[{"embeddable":true,"href":"https:\/\/analyse.optim.biz\/index.php?rest_route=\/wp\/v2\/media\/226669"}],"wp:attachment":[{"href":"https:\/\/analyse.optim.biz\/index.php?rest_route=%2Fwp%2Fv2%2Fmedia&parent=226668"}],"wp:term":[{"taxonomy":"category","embeddable":true,"href":"https:\/\/analyse.optim.biz\/index.php?rest_route=%2Fwp%2Fv2%2Fcategories&post=226668"},{"taxonomy":"post_tag","embeddable":true,"href":"https:\/\/analyse.optim.biz\/index.php?rest_route=%2Fwp%2Fv2%2Ftags&post=226668"}],"curies":[{"name":"wp","href":"https:\/\/api.w.org\/{rel}","templated":true}]}}