{"id":226624,"date":"2013-06-06T15:50:45","date_gmt":"2013-06-06T12:50:45","guid":{"rendered":"https:\/\/analyse.optim.biz\/?p=226624"},"modified":"2013-06-06T15:50:45","modified_gmt":"2013-06-06T12:50:45","slug":"presedintele-traian-basescu-a-reclamat-antena-3-la-cna","status":"publish","type":"post","link":"https:\/\/analyse.optim.biz\/?p=226624","title":{"rendered":"Pre\u0219edintele Traian B\u0103sescu a reclamat Antena 3 la CNA"},"content":{"rendered":"<div class=\"entry data-app-meta data-app-meta-article\" data-embed-base-url-canonical=\"https:\/\/www.digi24.ro\/embed\/stiri\/actualitate\/politica\/presedintele-traian-basescu-a-reclamat-antena-3-la-cna-79458\">\n<p data-index=\"1\">\u00cen sesizarea trimis\u0103 CNA, pre\u015fedintele Traian B\u0103sescu invoc\u0103 mai multe articole din lege cu privire la obligativitatea inform\u0103rii corecte \u015fi impar\u0163iale a publicului.<\/p>\n<p data-index=\"2\">\u201e<span>Regimul B\u0103sescu revine \u00een for\u0163\u0103 la putere. \u00cen momentul de fa\u021b\u0103, Traian B\u0103sescu este persoana care coordoneaz\u0103 cele mai importante sectoare din institu\u021biile de for\u021b\u0103, din justi\u021bie, din servciile secrete \u0219i din nou din zona procurorilor\u201d, a spus moderatorul Radu Tudor.<\/span><\/p>\n<p data-index=\"3\">El a mai sus\u021binut c\u0103 \u201ealta institu\u021bie aflat\u0103 sub influen\u021ba nefast\u0103, neconstitu\u021bional\u0103 \u0219i nedemocratic\u0103 a lui Traian B\u0103sescu\u201d.<\/p>\n<p data-index=\"4\">\u201e<span>Influen\u021ba asta de tip cangren\u0103 pe care o are mafia lui Traian B\u0103sescu re\u00eenfloreste \u0219i explodeaz\u0103. B\u0103sescu se intoarce a treia oara \u0219i ne calc\u0103 pe to\u021bi \u00een picioare cu oamenii lui, cu institu\u021biile lui, cu traficul lui de influen\u021b\u0103, cu sistemul lui mafiot\u201d, a mai spus Radu Tudor.<\/span><\/p>\n<p data-index=\"5\">Pe de alt\u0103 parte, unul dintre invita\u021bi, senatorul liberal Sorin Ro\u0219ca St\u0103nescu, a declarat c\u0103 \u201etotul face parte dintr-un mecanism infernal patronat de Traian Basescu, care umileste institutiile statului\u201d.<\/p>\n<p data-index=\"6\">Este pentru a doua oar\u0103 \u00een aceast\u0103 lun\u0103 c\u00e2nd pre\u015fedintele reclam\u0103 o emisiune a acestui post de televiziune.<\/p>\n<p data-index=\"7\">La CNA a fost reclamat\u0103 \u015fi emisiunea \u201eQ&amp;A\u201d. \u015eeful statului a sus\u0163inut c\u0103 unul dintre invita\u0163i a f\u0103cut mai multe declara\u0163ii def\u0103im\u0103toare la adresa lui. \u00a0\u00a0<\/p>\n<\/div>\n<p> Source URL: https:\/\/www.digi24.ro\/stiri\/actualitate\/politica\/presedintele-traian-basescu-a-reclamat-antena-3-la-cna-79458<\/p>\n","protected":false},"excerpt":{"rendered":"<p>\u00cen sesizarea trimis\u0103 CNA, pre\u015fedintele Traian B\u0103sescu invoc\u0103 mai multe articole din lege cu privire la obligativitatea inform\u0103rii corecte \u015fi impar\u0163iale a publicului. \u201eRegimul B\u0103sescu revine \u00een for\u0163\u0103 la putere. \u00cen momentul de fa\u021b\u0103, Traian B\u0103sescu este persoana care coordoneaz\u0103 cele mai importante sectoare din institu\u021biile de for\u021b\u0103, din justi\u021bie, din servciile secrete \u0219i din [&hellip;]<\/p>\n","protected":false},"author":1,"featured_media":226625,"comment_status":"open","ping_status":"","sticky":false,"template":"","format":"standard","meta":{"footnotes":""},"categories":[2],"tags":[11],"class_list":["post-226624","post","type-post","status-publish","format-standard","has-post-thumbnail","hentry","category-politics","tag-digi24"],"_links":{"self":[{"href":"https:\/\/analyse.optim.biz\/index.php?rest_route=\/wp\/v2\/posts\/226624","targetHints":{"allow":["GET"]}}],"collection":[{"href":"https:\/\/analyse.optim.biz\/index.php?rest_route=\/wp\/v2\/posts"}],"about":[{"href":"https:\/\/analyse.optim.biz\/index.php?rest_route=\/wp\/v2\/types\/post"}],"author":[{"embeddable":true,"href":"https:\/\/analyse.optim.biz\/index.php?rest_route=\/wp\/v2\/users\/1"}],"replies":[{"embeddable":true,"href":"https:\/\/analyse.optim.biz\/index.php?rest_route=%2Fwp%2Fv2%2Fcomments&post=226624"}],"version-history":[{"count":0,"href":"https:\/\/analyse.optim.biz\/index.php?rest_route=\/wp\/v2\/posts\/226624\/revisions"}],"wp:featuredmedia":[{"embeddable":true,"href":"https:\/\/analyse.optim.biz\/index.php?rest_route=\/wp\/v2\/media\/226625"}],"wp:attachment":[{"href":"https:\/\/analyse.optim.biz\/index.php?rest_route=%2Fwp%2Fv2%2Fmedia&parent=226624"}],"wp:term":[{"taxonomy":"category","embeddable":true,"href":"https:\/\/analyse.optim.biz\/index.php?rest_route=%2Fwp%2Fv2%2Fcategories&post=226624"},{"taxonomy":"post_tag","embeddable":true,"href":"https:\/\/analyse.optim.biz\/index.php?rest_route=%2Fwp%2Fv2%2Ftags&post=226624"}],"curies":[{"name":"wp","href":"https:\/\/api.w.org\/{rel}","templated":true}]}}