{"id":226618,"date":"2013-06-06T20:43:47","date_gmt":"2013-06-06T17:43:47","guid":{"rendered":"https:\/\/analyse.optim.biz\/?p=226618"},"modified":"2013-06-06T20:43:47","modified_gmt":"2013-06-06T17:43:47","slug":"traian-basescu-nu-avem-gradul-de-maturitate-politica-pentru-a-valida-referendum-cu-prag-sub-50","status":"publish","type":"post","link":"https:\/\/analyse.optim.biz\/?p=226618","title":{"rendered":"Traian B\u0103sescu: Nu avem gradul de maturitate politic\u0103 pentru a valida referendum cu prag sub 50%"},"content":{"rendered":"<div class=\"entry data-app-meta data-app-meta-article\" data-embed-base-url-canonical=\"https:\/\/www.digi24.ro\/embed\/stiri\/actualitate\/politica\/traian-basescu-nu-avem-gradul-de-maturitate-politica-pentru-a-valida-referendum-cu-prag-sub-50-79560\">\n<p data-index=\"1\"><img decoding=\"async\" src=\"https:\/\/analyse.optim.biz\/wp-content\/uploads\/2024\/09\/m2qymdfhyzaxzmywndfhnwu3ytdjzmvlmgq1-thumb_.jpg\" data-skip-htmlfix=\"1\" title=\"m2qymdfhyzaxzmywndfhnwu3ytdjzmvlmgq1-thumb_\"><\/p>\n<p data-index=\"2\">Pre\u015fedintele a fost \u00eentrebat, la \u00eent\u00e2lnirea cu sus\u0163in\u0103torii s\u0103i de pe Facebook, ce p\u0103rere are despre reducerea pragului pentru validarea unui referendum la 30%.<\/p>\n<p data-index=\"3\">Traian B\u0103sescu a ar\u0103tat c\u0103, at\u00e2t timp c\u00e2t Constitu\u0163ia actual\u0103 stabile\u015fte c\u0103 revocarea pre\u015fedintelui \u0163\u0103rii nu se poate face cu mai pu\u0163in de 50% din electorat, nu se poate face revocarea acestuia cu un prag mai mic.<\/p>\n<p data-index=\"4\">\u201eNu po\u0163i s\u0103 vii s\u0103 spui: \u00eel revoc\u0103m cu 30%. \u015ei cred c\u0103 n-ar trece nici de Curtea Constitu\u0163ional\u0103 a\u015fa ceva\u201d, a afirmat Traian B\u0103sescu, potrivit MEDIAFAX.<\/p>\n<p data-index=\"5\">El a spus c\u0103, de asemenea, se dore\u015fte modificarea Constitu\u0163iei cu prag de validare a referendumului de 30%, de\u015fi aceasta a fost adoptat\u0103 cu o participare de peste 50%.<\/p>\n<p data-index=\"6\">\u201eRom\u00e2nia nu este \u00eenc\u0103 o \u0163ar\u0103 \u00een care popula\u0163ia s\u0103 aib\u0103 nivelul de g\u00e2ndire democratic\u0103 care s\u0103 ne permit\u0103 s\u0103 valid\u0103m referendumul cu sub 50%. (&#8230;) Numai simplul fapt c\u0103 avem un electorat care voteaz\u0103 oameni cu dosare pe rolul instan\u0163elor \u015fi spune destul c\u0103 a cobor\u00ee pragul e o mare eroare, poate mai t\u00e2rziu, poate peste 10 ani, dar acum nu avem gradul de maturitate politic\u0103 pentru a valida referendumul cu mai pu\u0163in de 50%\u201d, a mai spus \u015feful statului.<\/p>\n<p data-index=\"7\">Traian B\u0103sescu a ad\u0103ugat c\u0103 sunt \u0163\u0103ri \u00een care nu exist\u0103 condi\u0163ie de cvorum pentru validarea unui referendum, dar sunt \u0163\u0103ri cu democra\u0163ii extrem de consolidate.<\/p>\n<\/div>\n<p> Source URL: https:\/\/www.digi24.ro\/stiri\/actualitate\/politica\/traian-basescu-nu-avem-gradul-de-maturitate-politica-pentru-a-valida-referendum-cu-prag-sub-50-79560<\/p>\n","protected":false},"excerpt":{"rendered":"<p>Pre\u015fedintele a fost \u00eentrebat, la \u00eent\u00e2lnirea cu sus\u0163in\u0103torii s\u0103i de pe Facebook, ce p\u0103rere are despre reducerea pragului pentru validarea unui referendum la 30%. Traian B\u0103sescu a ar\u0103tat c\u0103, at\u00e2t timp c\u00e2t Constitu\u0163ia actual\u0103 stabile\u015fte c\u0103 revocarea pre\u015fedintelui \u0163\u0103rii nu se poate face cu mai pu\u0163in de 50% din electorat, nu se poate face revocarea [&hellip;]<\/p>\n","protected":false},"author":1,"featured_media":226619,"comment_status":"open","ping_status":"","sticky":false,"template":"","format":"standard","meta":{"footnotes":""},"categories":[2],"tags":[11],"class_list":["post-226618","post","type-post","status-publish","format-standard","has-post-thumbnail","hentry","category-politics","tag-digi24"],"_links":{"self":[{"href":"https:\/\/analyse.optim.biz\/index.php?rest_route=\/wp\/v2\/posts\/226618","targetHints":{"allow":["GET"]}}],"collection":[{"href":"https:\/\/analyse.optim.biz\/index.php?rest_route=\/wp\/v2\/posts"}],"about":[{"href":"https:\/\/analyse.optim.biz\/index.php?rest_route=\/wp\/v2\/types\/post"}],"author":[{"embeddable":true,"href":"https:\/\/analyse.optim.biz\/index.php?rest_route=\/wp\/v2\/users\/1"}],"replies":[{"embeddable":true,"href":"https:\/\/analyse.optim.biz\/index.php?rest_route=%2Fwp%2Fv2%2Fcomments&post=226618"}],"version-history":[{"count":0,"href":"https:\/\/analyse.optim.biz\/index.php?rest_route=\/wp\/v2\/posts\/226618\/revisions"}],"wp:featuredmedia":[{"embeddable":true,"href":"https:\/\/analyse.optim.biz\/index.php?rest_route=\/wp\/v2\/media\/226619"}],"wp:attachment":[{"href":"https:\/\/analyse.optim.biz\/index.php?rest_route=%2Fwp%2Fv2%2Fmedia&parent=226618"}],"wp:term":[{"taxonomy":"category","embeddable":true,"href":"https:\/\/analyse.optim.biz\/index.php?rest_route=%2Fwp%2Fv2%2Fcategories&post=226618"},{"taxonomy":"post_tag","embeddable":true,"href":"https:\/\/analyse.optim.biz\/index.php?rest_route=%2Fwp%2Fv2%2Ftags&post=226618"}],"curies":[{"name":"wp","href":"https:\/\/api.w.org\/{rel}","templated":true}]}}