{"id":226615,"date":"2013-06-06T21:05:34","date_gmt":"2013-06-06T18:05:34","guid":{"rendered":"https:\/\/analyse.optim.biz\/?p=226615"},"modified":"2013-06-06T21:05:34","modified_gmt":"2013-06-06T18:05:34","slug":"t-basescu-a-discutat-cu-vicepresedintele-sua-teme-privind-politica-interna-din-romania","status":"publish","type":"post","link":"https:\/\/analyse.optim.biz\/?p=226615","title":{"rendered":"T.B\u0103sescu a discutat cu vicepre\u015fedintele SUA \u201eteme privind politica intern\u0103\u201d din Rom\u00e2nia"},"content":{"rendered":"<div class=\"entry data-app-meta data-app-meta-article\" data-embed-base-url-canonical=\"https:\/\/www.digi24.ro\/embed\/stiri\/actualitate\/politica\/t-basescu-a-discutat-cu-vicepresedintele-sua-teme-privind-politica-interna-din-romania-79564\">\n<p data-index=\"1\"><img decoding=\"async\" src=\"https:\/\/analyse.optim.biz\/wp-content\/uploads\/2024\/09\/jmhhc2g9ndnjndg0n2izmdm2ndg1nmfkzwizngixnjjknwq1zmu-thumb_.jpg\" data-skip-htmlfix=\"1\" title=\"jmhhc2g9ndnjndg0n2izmdm2ndg1nmfkzwizngixnjjknwq1zmu-thumb_\"><\/p>\n<p data-index=\"2\">Conform unui comunicat al Administra\u0163iei preziden\u0163iale, pre\u015fedintele Traian B\u0103sescu\u00a0a avut o convorbire telefonic\u0103, joi, cu vicepre\u015fedintele SUA, Joseph Biden.<\/p>\n<p data-index=\"3\">\u201eDomnul pre\u015fedinte Traian B\u0103sescu \u015fi domnul vicepre\u015fedinte Joseph Biden au avut, \u00een aceast\u0103 dup\u0103-amiaz\u0103, o convorbire telefonic\u0103 \u00een care au fost discutate teme privind politica intern\u0103 din \u0163ara noastr\u0103, precum \u015fi atitudinea Rom\u00e2niei \u00een ceea ce prive\u015fte stadiul procesului de extindere a Uniunii Europene \u015fi a NATO \u00een Balcani\u201d, a declarat Bogdan Oprea, purt\u0103torul de cuv\u00e2nt al pre\u0219edin\u021biei, potrivit MEDIAFAX.<\/p>\n<p data-index=\"4\">Pre\u0219edintele Traian B\u0103sescu a anun\u021bat ast\u0103zi,\u00a0<a href=\"https:\/\/www.digi24.ro\/stire\/Traian-Basescu-Retelele-sociale-nu-trebuie-reglementate_109000\" target=\"_blank\" data-skip-linkfix=\"1\" rel=\"noopener\">\u00een cursul unei \u00eent\u00e2lniri cu fanii paginii sale de Facebook<\/a>, c\u0103 va avea o convorbire telefonic\u0103 la nivel de \u0219efi de stat.<\/p>\n<\/div>\n<p> Source URL: https:\/\/www.digi24.ro\/stiri\/actualitate\/politica\/t-basescu-a-discutat-cu-vicepresedintele-sua-teme-privind-politica-interna-din-romania-79564<\/p>\n","protected":false},"excerpt":{"rendered":"<p>Conform unui comunicat al Administra\u0163iei preziden\u0163iale, pre\u015fedintele Traian B\u0103sescu\u00a0a avut o convorbire telefonic\u0103, joi, cu vicepre\u015fedintele SUA, Joseph Biden. \u201eDomnul pre\u015fedinte Traian B\u0103sescu \u015fi domnul vicepre\u015fedinte Joseph Biden au avut, \u00een aceast\u0103 dup\u0103-amiaz\u0103, o convorbire telefonic\u0103 \u00een care au fost discutate teme privind politica intern\u0103 din \u0163ara noastr\u0103, precum \u015fi atitudinea Rom\u00e2niei \u00een ceea ce [&hellip;]<\/p>\n","protected":false},"author":1,"featured_media":226616,"comment_status":"open","ping_status":"","sticky":false,"template":"","format":"standard","meta":{"footnotes":""},"categories":[2],"tags":[11],"class_list":["post-226615","post","type-post","status-publish","format-standard","has-post-thumbnail","hentry","category-politics","tag-digi24"],"_links":{"self":[{"href":"https:\/\/analyse.optim.biz\/index.php?rest_route=\/wp\/v2\/posts\/226615","targetHints":{"allow":["GET"]}}],"collection":[{"href":"https:\/\/analyse.optim.biz\/index.php?rest_route=\/wp\/v2\/posts"}],"about":[{"href":"https:\/\/analyse.optim.biz\/index.php?rest_route=\/wp\/v2\/types\/post"}],"author":[{"embeddable":true,"href":"https:\/\/analyse.optim.biz\/index.php?rest_route=\/wp\/v2\/users\/1"}],"replies":[{"embeddable":true,"href":"https:\/\/analyse.optim.biz\/index.php?rest_route=%2Fwp%2Fv2%2Fcomments&post=226615"}],"version-history":[{"count":0,"href":"https:\/\/analyse.optim.biz\/index.php?rest_route=\/wp\/v2\/posts\/226615\/revisions"}],"wp:featuredmedia":[{"embeddable":true,"href":"https:\/\/analyse.optim.biz\/index.php?rest_route=\/wp\/v2\/media\/226616"}],"wp:attachment":[{"href":"https:\/\/analyse.optim.biz\/index.php?rest_route=%2Fwp%2Fv2%2Fmedia&parent=226615"}],"wp:term":[{"taxonomy":"category","embeddable":true,"href":"https:\/\/analyse.optim.biz\/index.php?rest_route=%2Fwp%2Fv2%2Fcategories&post=226615"},{"taxonomy":"post_tag","embeddable":true,"href":"https:\/\/analyse.optim.biz\/index.php?rest_route=%2Fwp%2Fv2%2Ftags&post=226615"}],"curies":[{"name":"wp","href":"https:\/\/api.w.org\/{rel}","templated":true}]}}