{"id":226339,"date":"2013-06-11T21:19:37","date_gmt":"2013-06-11T18:19:37","guid":{"rendered":"https:\/\/analyse.optim.biz\/?p=226339"},"modified":"2013-06-11T21:19:37","modified_gmt":"2013-06-11T18:19:37","slug":"v-zgonea-despre-anuntul-privind-referendumul-presedintele-are-acest-atribut-nu-putem-decat-sa-luam-act","status":"publish","type":"post","link":"https:\/\/analyse.optim.biz\/?p=226339","title":{"rendered":"V. Zgonea, despre anun\u021bul privind referendumul: \u201ePre\u0219edintele are acest atribut. Nu putem dec\u00e2t s\u0103 lu\u0103m act\u201d"},"content":{"rendered":"<div class=\"entry data-app-meta data-app-meta-article\" data-embed-base-url-canonical=\"https:\/\/www.digi24.ro\/embed\/stiri\/actualitate\/politica\/v-zgonea-despre-anuntul-privind-referendumul-presedintele-are-acest-atribut-nu-putem-decat-sa-luam-act-80928\">\n<p data-index=\"1\">Valeriu Zgonea a reac\u021bionat, \u00een \u201eJurnalul de sear\u0103\u201d, la anun\u021bul pre\u0219edintelui. \u201eE o manevr\u0103 tipic\u0103 a pre\u0219edintelui. Ne-am obi\u0219nuit cu el din 2005 \u00eencoace. Este un atribut constitu\u021bional pe care \u00eel are, nu conteaz\u0103 resursele principale pe care le aloc\u0103m.\u00a0<strong>Nu avem cum s\u0103 interfer\u0103m. Conform Constitu\u021biei, \u00een acest moment, nu putem s\u0103 interfer\u0103m \u00een aceast\u0103 decizie a pre\u0219edintelui.<\/strong>\u00a0Este un act unilateral, pe care nu putem s\u0103 \u00eel sanc\u021bion\u0103m dec\u00e2t la urne\u201d, a declarat Valeriu Zgonea.<\/p>\n<p data-index=\"2\">\u201ePre\u0219edintele are acest atribut. Nu putem dec\u00e2t s\u0103 lu\u0103m act. Chiar dac\u0103 suntem \u00eempotriv\u0103, domnia sa public\u0103, \u00een Monitorul Oficial, data iar regulile sunt cele pe care le \u0219ti\u021bi \u0219i dumneavoastr\u0103 \u0219i pe care, conform legii, le pune \u00een aplicare Guvernul Rom\u00e2niei\u201d, a mai spus pre\u0219edintele Camerei Deputa\u021bilor.<\/p>\n<p data-index=\"3\">Potrivit lui Valeriu Zgonea,\u00a0<strong>pre\u0219edintele Traian B\u0103sescu ar \u00eencerca, prin convocarea referendumului, s\u0103 am\u00e2ne \u201epentru anul viitor sau pentru niciodat\u0103\u201d modificarea Constitu\u021biei. \u00a0\u00a0<\/strong><\/p>\n<p data-index=\"4\">Pre\u0219edintele Traian B\u0103sescu a anun\u021bat mar\u021bi\u00a0<strong>c\u0103 va convoca un nou referendum<\/strong>\u00a0cu urm\u0103toarele dou\u0103 \u00eentreb\u0103ri: \u201eDori\u021bi Parlament unicameral?\u201d \u0219i \u201eDori\u021bi Parlament cu 300 de membri?\u201d. \u00a0<\/p>\n<p data-index=\"5\"><strong>Conform actualei Constitu\u021bii, pre\u0219edintele poate declan\u0219a un referendum dup\u0103 consultarea Parlamentului. Legislativul are la dispozi\u021bie 20 de zile pentru a da un punct de vedere \u00een acest sens.<\/strong><\/p>\n<p data-index=\"6\">Traian B\u0103sescu a spus c\u0103 va \u021bine cont de cele 20 de zile, pentru c\u0103 este \u00een interesul s\u0103u ca procedura s\u0103 fie respectat\u0103.<\/p>\n<\/div>\n<p> Source URL: https:\/\/www.digi24.ro\/stiri\/actualitate\/politica\/v-zgonea-despre-anuntul-privind-referendumul-presedintele-are-acest-atribut-nu-putem-decat-sa-luam-act-80928<\/p>\n","protected":false},"excerpt":{"rendered":"<p>Valeriu Zgonea a reac\u021bionat, \u00een \u201eJurnalul de sear\u0103\u201d, la anun\u021bul pre\u0219edintelui. \u201eE o manevr\u0103 tipic\u0103 a pre\u0219edintelui. Ne-am obi\u0219nuit cu el din 2005 \u00eencoace. Este un atribut constitu\u021bional pe care \u00eel are, nu conteaz\u0103 resursele principale pe care le aloc\u0103m.\u00a0Nu avem cum s\u0103 interfer\u0103m. Conform Constitu\u021biei, \u00een acest moment, nu putem s\u0103 interfer\u0103m \u00een aceast\u0103 [&hellip;]<\/p>\n","protected":false},"author":1,"featured_media":226340,"comment_status":"open","ping_status":"","sticky":false,"template":"","format":"standard","meta":{"footnotes":""},"categories":[2],"tags":[11],"class_list":["post-226339","post","type-post","status-publish","format-standard","has-post-thumbnail","hentry","category-politics","tag-digi24"],"_links":{"self":[{"href":"https:\/\/analyse.optim.biz\/index.php?rest_route=\/wp\/v2\/posts\/226339","targetHints":{"allow":["GET"]}}],"collection":[{"href":"https:\/\/analyse.optim.biz\/index.php?rest_route=\/wp\/v2\/posts"}],"about":[{"href":"https:\/\/analyse.optim.biz\/index.php?rest_route=\/wp\/v2\/types\/post"}],"author":[{"embeddable":true,"href":"https:\/\/analyse.optim.biz\/index.php?rest_route=\/wp\/v2\/users\/1"}],"replies":[{"embeddable":true,"href":"https:\/\/analyse.optim.biz\/index.php?rest_route=%2Fwp%2Fv2%2Fcomments&post=226339"}],"version-history":[{"count":0,"href":"https:\/\/analyse.optim.biz\/index.php?rest_route=\/wp\/v2\/posts\/226339\/revisions"}],"wp:featuredmedia":[{"embeddable":true,"href":"https:\/\/analyse.optim.biz\/index.php?rest_route=\/wp\/v2\/media\/226340"}],"wp:attachment":[{"href":"https:\/\/analyse.optim.biz\/index.php?rest_route=%2Fwp%2Fv2%2Fmedia&parent=226339"}],"wp:term":[{"taxonomy":"category","embeddable":true,"href":"https:\/\/analyse.optim.biz\/index.php?rest_route=%2Fwp%2Fv2%2Fcategories&post=226339"},{"taxonomy":"post_tag","embeddable":true,"href":"https:\/\/analyse.optim.biz\/index.php?rest_route=%2Fwp%2Fv2%2Ftags&post=226339"}],"curies":[{"name":"wp","href":"https:\/\/api.w.org\/{rel}","templated":true}]}}