{"id":226330,"date":"2013-06-11T23:07:29","date_gmt":"2013-06-11T20:07:29","guid":{"rendered":"https:\/\/analyse.optim.biz\/?p=226330"},"modified":"2013-06-11T23:07:29","modified_gmt":"2013-06-11T20:07:29","slug":"impartial-g-cretu-psd-despre-t-basescu-un-avocatel-de-provincie","status":"publish","type":"post","link":"https:\/\/analyse.optim.biz\/?p=226330","title":{"rendered":"IMPAR\u021aIAL. G. Cre\u021bu (PSD), despre T. B\u0103sescu: \u201eUn avoc\u0103\u021bel de provincie\u201d"},"content":{"rendered":"<div class=\"entry data-app-meta data-app-meta-article\" data-embed-base-url-canonical=\"https:\/\/www.digi24.ro\/embed\/stiri\/actualitate\/politica\/impartial-g-cretu-psd-despre-t-basescu-un-avocatel-de-provincie-80952\">\n<p data-index=\"1\"><img decoding=\"async\" src=\"https:\/\/analyse.optim.biz\/wp-content\/uploads\/2024\/09\/jmhhc2g9zge4zwniytvknmywndmzmzg1mzi3mzm0ndgwmmq5nzi-thumb_.jpg\" data-skip-htmlfix=\"1\" title=\"jmhhc2g9zge4zwniytvknmywndmzmzg1mzi3mzm0ndgwmmq5nzi-thumb_\"><\/p>\n<p data-index=\"2\">Gabriela Cre\u021bu a declarat, \u00een cadrul emisiunii Impar\u021bial, c\u0103 Traian B\u0103sescu se comport\u0103 \u201eca un avoc\u0103\u021bel de provincie\u201d.<\/p>\n<p data-index=\"3\">Senatorul PSD consider\u0103 c\u0103 modul \u00een care pre\u0219edintele a abordat problema referendumului \u201enu seam\u0103n\u0103 cu atitudinea unui mediator\u201d.<\/p>\n<p data-index=\"4\">\u201eDin punctul acesta de vedere, cred c\u0103 se \u00eencalc\u0103 \u0219i un principiu fundamental al Constitu\u021biilor, cooperarea loial\u0103 \u00eentre puterile statului,\u201d a spus Gabriela\u00a0Cre\u021bu.<\/p>\n<p data-index=\"5\">Prezent \u00een studioul emisiunii, deputatul PNL Mugur Cozmanciuc a precizat c\u0103 Parlamentul va revizui Constitu\u021bia conform tuturor demersurilor care s-au f\u0103cut p\u00e2n\u0103 acum \u00een cadrul Comsiei de revizuire, \u00een care sunt reprezentate partidele politice.<\/p>\n<p data-index=\"6\">\u201e\u00cen momentul \u00een care vom avea actul finalizat, acesta va fi supus spre validare sau invalidare poporului,\u201d a spus Mugur Cozmanciuc.<\/p>\n<p data-index=\"7\">Parlamentarul a precizat c\u0103 num\u0103rul de parlamentari va fi redus \u0219i prin actuala form\u0103 a Constitu\u021biei.<\/p>\n<p data-index=\"8\">\u00cen schimb, secretarul general al PDL Cristina Tr\u0103il\u0103 a declarat: \u201ePre\u0219edintele nu face altceva dec\u00e2t s\u0103 pun\u0103 accent pe un lucru pe care noi l-am spus de luni de zile. Noi avem acel referendum din 2009. Vorbim de o revizuire care pleac\u0103 de la un mandat dat ce cet\u0103\u021beni. Singurul mandat real dat de cet\u0103\u021beni este acel referendum din 2009.\u201d<\/p>\n<p data-index=\"9\">Traian B\u0103sescu a anun\u021bat mar\u021bi c\u0103 va convoca un nou referendum cu urm\u0103toarele dou\u0103 \u00eentreb\u0103ri: \u201eDori\u021bi Parlament unicameral?\u201d \u0219i \u201eDori\u021bi Parlament cu 300 de membri?\u201d. Referemdumul din 2009, cu acelea\u0219i \u00eentreb\u0103ri, a fost validat de rom\u00e2ni, dar nu a fost pus \u00een aplicare. \u201eSunt hot\u0103r\u00e2t s\u0103-i determin pe rom\u00e2ni s\u0103 respecte voin\u021ba poporului,\u201d a spus pre\u0219edintele.<\/p>\n<p data-index=\"10\"><strong>Citi\u021bi \u0219i:<\/strong><\/p>\n<p data-index=\"11\"><a href=\"https:\/\/www.digi24.ro\/Stiri\/Digi24\/Actualitate\/Politica\/Traian+Basescu+Am+declansat+un+nou+referendum+pentru+revizuirea+\" target=\"_blank\" data-skip-linkfix=\"1\" rel=\"noopener\"><strong>Traian B\u0103sescu: Am declan\u0219at un nou referendum pentru revizuirea Constitu\u021biei<\/strong><\/a><\/p>\n<\/div>\n<p> Source URL: https:\/\/www.digi24.ro\/stiri\/actualitate\/politica\/impartial-g-cretu-psd-despre-t-basescu-un-avocatel-de-provincie-80952<\/p>\n","protected":false},"excerpt":{"rendered":"<p>Gabriela Cre\u021bu a declarat, \u00een cadrul emisiunii Impar\u021bial, c\u0103 Traian B\u0103sescu se comport\u0103 \u201eca un avoc\u0103\u021bel de provincie\u201d. Senatorul PSD consider\u0103 c\u0103 modul \u00een care pre\u0219edintele a abordat problema referendumului \u201enu seam\u0103n\u0103 cu atitudinea unui mediator\u201d. \u201eDin punctul acesta de vedere, cred c\u0103 se \u00eencalc\u0103 \u0219i un principiu fundamental al Constitu\u021biilor, cooperarea loial\u0103 \u00eentre puterile [&hellip;]<\/p>\n","protected":false},"author":1,"featured_media":226331,"comment_status":"open","ping_status":"","sticky":false,"template":"","format":"standard","meta":{"footnotes":""},"categories":[2],"tags":[11],"class_list":["post-226330","post","type-post","status-publish","format-standard","has-post-thumbnail","hentry","category-politics","tag-digi24"],"_links":{"self":[{"href":"https:\/\/analyse.optim.biz\/index.php?rest_route=\/wp\/v2\/posts\/226330","targetHints":{"allow":["GET"]}}],"collection":[{"href":"https:\/\/analyse.optim.biz\/index.php?rest_route=\/wp\/v2\/posts"}],"about":[{"href":"https:\/\/analyse.optim.biz\/index.php?rest_route=\/wp\/v2\/types\/post"}],"author":[{"embeddable":true,"href":"https:\/\/analyse.optim.biz\/index.php?rest_route=\/wp\/v2\/users\/1"}],"replies":[{"embeddable":true,"href":"https:\/\/analyse.optim.biz\/index.php?rest_route=%2Fwp%2Fv2%2Fcomments&post=226330"}],"version-history":[{"count":0,"href":"https:\/\/analyse.optim.biz\/index.php?rest_route=\/wp\/v2\/posts\/226330\/revisions"}],"wp:featuredmedia":[{"embeddable":true,"href":"https:\/\/analyse.optim.biz\/index.php?rest_route=\/wp\/v2\/media\/226331"}],"wp:attachment":[{"href":"https:\/\/analyse.optim.biz\/index.php?rest_route=%2Fwp%2Fv2%2Fmedia&parent=226330"}],"wp:term":[{"taxonomy":"category","embeddable":true,"href":"https:\/\/analyse.optim.biz\/index.php?rest_route=%2Fwp%2Fv2%2Fcategories&post=226330"},{"taxonomy":"post_tag","embeddable":true,"href":"https:\/\/analyse.optim.biz\/index.php?rest_route=%2Fwp%2Fv2%2Ftags&post=226330"}],"curies":[{"name":"wp","href":"https:\/\/api.w.org\/{rel}","templated":true}]}}