{"id":226319,"date":"2013-06-11T23:18:05","date_gmt":"2013-06-11T20:18:05","guid":{"rendered":"https:\/\/analyse.optim.biz\/?p=226319"},"modified":"2013-06-11T23:18:05","modified_gmt":"2013-06-11T20:18:05","slug":"europarlamentarul-cristian-preda-am-apreciat-reactia-domnului-zgonea-la-anuntul-presedintelui","status":"publish","type":"post","link":"https:\/\/analyse.optim.biz\/?p=226319","title":{"rendered":"Europarlamentarul Cristian Preda: Am apreciat reac\u021bia domnului Zgonea la anun\u021bul pre\u0219edintelui"},"content":{"rendered":"<div class=\"entry data-app-meta data-app-meta-article\" data-embed-base-url-canonical=\"https:\/\/www.digi24.ro\/embed\/stiri\/actualitate\/politica\/europarlamentarul-cristian-preda-am-apreciat-reactia-domnului-zgonea-la-anuntul-presedintelui-80955\">\n<p data-index=\"1\">Pre\u0219edintele Traian B\u0103sescu a l\u0103sat s\u0103 se \u00een\u021beleag\u0103 faptul c\u0103 \u00eenc\u0103 este posibil un compromis \u00een ceea ce prive\u0219te revizuirea Constitu\u021biei, c\u0103 nu este exclus\u0103 inclusiv renun\u021barea la referendum, a spus Cristian Preda, \u00eentr-o interven\u021bie telefonic\u0103 \u00een emisiunea \u201eImpar\u021bial\u201d.<\/p>\n<p data-index=\"2\">\u201eSper ca adversarii pre\u0219edintelui s\u0103 ia \u00een seam\u0103 miza acestei discu\u021bii.<strong>\u00a0Nu este o miz\u0103 personal\u0103. De altfel, pre\u0219edintele a mai spus-o: Constitu\u021bia viitoare nu i se va aplica, nu va mai putea candida. A\u0219a c\u0103 lucrurile ar trebui luate ceva mai \u00een\u021belept. Am apreciat reac\u021bia lui Valeriu Zgonea, se vede c\u0103 a \u00een\u021beles lucrurile \u00eentr-o perspectiv\u0103 institu\u021bional\u0103<\/strong>\u201d, a apreciat Cristian Preda.<\/p>\n<p data-index=\"3\">\u201eAm v\u0103zut o reac\u021bie institu\u021bional\u0103 a domnului Zgonea.\u00a0<strong>Pe de alt\u0103 parte, am v\u0103zut declara\u021bia domnului Antonescu. Domnul Antonescu, \u00een fine, nu se exprima tocmai politicos la adresa pre\u0219edintelui\u201d<\/strong>, a mai spus europarlamentarul.<\/p>\n<p data-index=\"4\">Valeriu Zgonea a reac\u021bionat, \u00een \u201eJurnalul de sear\u0103\u201d, la<a href=\"https:\/\/www.digi24.ro\/Stiri\/Digi24\/Actualitate\/Politica\/Traian+Basescu+Am+declansat+un+nou+referendum+pentru+revizuirea+\" target=\"_blank\" data-skip-linkfix=\"1\" rel=\"noopener\"><strong>\u00a0anun\u021bul pre\u0219edintelui.<\/strong><\/a>\u00a0\u201eE o manevr\u0103 tipic\u0103 a pre\u0219edintelui. Ne-am obi\u0219nuit cu el din 2005 \u00eencoace. Este un atribut constitu\u021bional pe care \u00eel are, nu conteaz\u0103 resursele principale pe care le aloc\u0103m.\u00a0Nu avem cum s\u0103 interfer\u0103m. Conform Constitu\u021biei, \u00een acest moment, nu putem s\u0103 interfer\u0103m \u00een aceast\u0103 decizie a pre\u0219edintelui.\u00a0Este un act unilateral, pe care nu putem s\u0103 \u00eel sanc\u021bion\u0103m dec\u00e2t la urne\u201d,<a href=\"https:\/\/www.digi24.ro\/Stiri\/Digi24\/Actualitate\/Politica\/V+Zgonea+despre+anuntul+privind+referendumul+Presedintele+are+ac\" target=\"_blank\" data-skip-linkfix=\"1\" rel=\"noopener\"><strong>\u00a0a declarat<\/strong>\u00a0Valeriu Zgonea<\/a>.<\/p>\n<p data-index=\"5\">Pe de alt\u0103 parte, pre\u0219edintele Senatului,<a href=\"https:\/\/www.digi24.ro\/Stiri\/Digi24\/Actualitate\/Politica\/Crin+Antonescu+Presedintele+vorbeste+singur+in+chestiunea+revizu\" target=\"_blank\" data-skip-linkfix=\"1\" rel=\"noopener\"><strong>\u00a0Crin Antonescu a declarat\u00a0<\/strong><\/a>c\u0103 Traian B\u0103sescu vorbe\u0219te \u201ela figurat, cam singur\u201d, \u00een privin\u021ba revizuirii Constitu\u021biei.\u00a0<\/p>\n<\/div>\n<p> Source URL: https:\/\/www.digi24.ro\/stiri\/actualitate\/politica\/europarlamentarul-cristian-preda-am-apreciat-reactia-domnului-zgonea-la-anuntul-presedintelui-80955<\/p>\n","protected":false},"excerpt":{"rendered":"<p>Pre\u0219edintele Traian B\u0103sescu a l\u0103sat s\u0103 se \u00een\u021beleag\u0103 faptul c\u0103 \u00eenc\u0103 este posibil un compromis \u00een ceea ce prive\u0219te revizuirea Constitu\u021biei, c\u0103 nu este exclus\u0103 inclusiv renun\u021barea la referendum, a spus Cristian Preda, \u00eentr-o interven\u021bie telefonic\u0103 \u00een emisiunea \u201eImpar\u021bial\u201d. \u201eSper ca adversarii pre\u0219edintelui s\u0103 ia \u00een seam\u0103 miza acestei discu\u021bii.\u00a0Nu este o miz\u0103 personal\u0103. De [&hellip;]<\/p>\n","protected":false},"author":1,"featured_media":226320,"comment_status":"open","ping_status":"","sticky":false,"template":"","format":"standard","meta":{"footnotes":""},"categories":[2],"tags":[11],"class_list":["post-226319","post","type-post","status-publish","format-standard","has-post-thumbnail","hentry","category-politics","tag-digi24"],"_links":{"self":[{"href":"https:\/\/analyse.optim.biz\/index.php?rest_route=\/wp\/v2\/posts\/226319","targetHints":{"allow":["GET"]}}],"collection":[{"href":"https:\/\/analyse.optim.biz\/index.php?rest_route=\/wp\/v2\/posts"}],"about":[{"href":"https:\/\/analyse.optim.biz\/index.php?rest_route=\/wp\/v2\/types\/post"}],"author":[{"embeddable":true,"href":"https:\/\/analyse.optim.biz\/index.php?rest_route=\/wp\/v2\/users\/1"}],"replies":[{"embeddable":true,"href":"https:\/\/analyse.optim.biz\/index.php?rest_route=%2Fwp%2Fv2%2Fcomments&post=226319"}],"version-history":[{"count":0,"href":"https:\/\/analyse.optim.biz\/index.php?rest_route=\/wp\/v2\/posts\/226319\/revisions"}],"wp:featuredmedia":[{"embeddable":true,"href":"https:\/\/analyse.optim.biz\/index.php?rest_route=\/wp\/v2\/media\/226320"}],"wp:attachment":[{"href":"https:\/\/analyse.optim.biz\/index.php?rest_route=%2Fwp%2Fv2%2Fmedia&parent=226319"}],"wp:term":[{"taxonomy":"category","embeddable":true,"href":"https:\/\/analyse.optim.biz\/index.php?rest_route=%2Fwp%2Fv2%2Fcategories&post=226319"},{"taxonomy":"post_tag","embeddable":true,"href":"https:\/\/analyse.optim.biz\/index.php?rest_route=%2Fwp%2Fv2%2Ftags&post=226319"}],"curies":[{"name":"wp","href":"https:\/\/api.w.org\/{rel}","templated":true}]}}