{"id":226316,"date":"2013-06-11T23:27:28","date_gmt":"2013-06-11T20:27:28","guid":{"rendered":"https:\/\/analyse.optim.biz\/?p=226316"},"modified":"2013-06-11T23:27:28","modified_gmt":"2013-06-11T20:27:28","slug":"v-ponta-transmite-ca-nu-comenteaza-deocamdata-declaratia-lui-t-basescu-privind-referendumul","status":"publish","type":"post","link":"https:\/\/analyse.optim.biz\/?p=226316","title":{"rendered":"V. Ponta transmite c\u0103 nu comenteaz\u0103 deocamdat\u0103 declara\u0163ia lui T. B\u0103sescu privind referendumul"},"content":{"rendered":"<div class=\"entry data-app-meta data-app-meta-article\" data-embed-base-url-canonical=\"https:\/\/www.digi24.ro\/embed\/stiri\/actualitate\/politica\/v-ponta-transmite-ca-nu-comenteaza-deocamdata-declaratia-lui-t-basescu-privind-referendumul-80960\">\n<p data-index=\"1\"><img decoding=\"async\" src=\"https:\/\/analyse.optim.biz\/wp-content\/uploads\/2024\/09\/mgnhndi3nji1otdkzmfmyze0oge4ymuwoguwoq-thumb_.jpg\" data-skip-htmlfix=\"1\" title=\"mgnhndi3nji1otdkzmfmyze0oge4ymuwoguwoq-thumb_\">La momentul declara\u0163iei pre\u015fedintelui, Victor Ponta se afla la un dineu de lucru oferit de c\u0103tre premierul slovac, Robert Fico.<\/p>\n<p data-index=\"2\">La \u00eencheierea dineului, ca urmare a solicit\u0103rii jurnali\u015ftilor pentru o reac\u0163ie, premierul Ponta a transmis, prin intermediul unui consilier, c\u0103 nu comenteaz\u0103 declara\u0163iile pre\u015fedintelui referitoare la noul referendum, transmite Mediafax.<\/p>\n<p data-index=\"3\">La r\u00e2ndul s\u0103u, pre\u0219edintele Traian B\u0103sescu va sosi, miercuri, la Bratislava, pentru a participa la un summit al \u021b\u0103rilor din\u00a0<strong>Europa Central\u0103<\/strong>.<\/p>\n<p data-index=\"4\">Pre\u015fedintele Traian B\u0103sescu a declarat, mar\u0163i, c\u0103 a declan\u015fat procedura pentru un nou referendum pentru Parlament unicameral \u015fi maximum 300 de parlamentari, preciz\u00e2nd \u00eens\u0103 c\u0103 va emite decretul \u00een func\u0163ie de modul \u00een care Parlamentul va respecta voin\u0163a poporului exprimat\u0103 \u00een 2009.<\/p>\n<p data-index=\"5\">Pre\u015fedintele a spus c\u0103 atitudinea Parlamentului, a majorit\u0103\u0163ii USL, privind modificarea Constitu\u0163iei, este una \u201ecare nu este compatibil\u0103 cu statul de drept \u015fi care creeaz\u0103 un precendent extrem de periculos, \u00een care se refuz\u0103 punerea \u00een aplicare a voin\u0163ei liber exprimate de popor\u201d.<\/p>\n<\/div>\n<p> Source URL: https:\/\/www.digi24.ro\/stiri\/actualitate\/politica\/v-ponta-transmite-ca-nu-comenteaza-deocamdata-declaratia-lui-t-basescu-privind-referendumul-80960<\/p>\n","protected":false},"excerpt":{"rendered":"<p>La momentul declara\u0163iei pre\u015fedintelui, Victor Ponta se afla la un dineu de lucru oferit de c\u0103tre premierul slovac, Robert Fico. La \u00eencheierea dineului, ca urmare a solicit\u0103rii jurnali\u015ftilor pentru o reac\u0163ie, premierul Ponta a transmis, prin intermediul unui consilier, c\u0103 nu comenteaz\u0103 declara\u0163iile pre\u015fedintelui referitoare la noul referendum, transmite Mediafax. La r\u00e2ndul s\u0103u, pre\u0219edintele Traian [&hellip;]<\/p>\n","protected":false},"author":1,"featured_media":226317,"comment_status":"open","ping_status":"","sticky":false,"template":"","format":"standard","meta":{"footnotes":""},"categories":[2],"tags":[11],"class_list":["post-226316","post","type-post","status-publish","format-standard","has-post-thumbnail","hentry","category-politics","tag-digi24"],"_links":{"self":[{"href":"https:\/\/analyse.optim.biz\/index.php?rest_route=\/wp\/v2\/posts\/226316","targetHints":{"allow":["GET"]}}],"collection":[{"href":"https:\/\/analyse.optim.biz\/index.php?rest_route=\/wp\/v2\/posts"}],"about":[{"href":"https:\/\/analyse.optim.biz\/index.php?rest_route=\/wp\/v2\/types\/post"}],"author":[{"embeddable":true,"href":"https:\/\/analyse.optim.biz\/index.php?rest_route=\/wp\/v2\/users\/1"}],"replies":[{"embeddable":true,"href":"https:\/\/analyse.optim.biz\/index.php?rest_route=%2Fwp%2Fv2%2Fcomments&post=226316"}],"version-history":[{"count":0,"href":"https:\/\/analyse.optim.biz\/index.php?rest_route=\/wp\/v2\/posts\/226316\/revisions"}],"wp:featuredmedia":[{"embeddable":true,"href":"https:\/\/analyse.optim.biz\/index.php?rest_route=\/wp\/v2\/media\/226317"}],"wp:attachment":[{"href":"https:\/\/analyse.optim.biz\/index.php?rest_route=%2Fwp%2Fv2%2Fmedia&parent=226316"}],"wp:term":[{"taxonomy":"category","embeddable":true,"href":"https:\/\/analyse.optim.biz\/index.php?rest_route=%2Fwp%2Fv2%2Fcategories&post=226316"},{"taxonomy":"post_tag","embeddable":true,"href":"https:\/\/analyse.optim.biz\/index.php?rest_route=%2Fwp%2Fv2%2Ftags&post=226316"}],"curies":[{"name":"wp","href":"https:\/\/api.w.org\/{rel}","templated":true}]}}