{"id":226282,"date":"2013-06-05T00:53:33","date_gmt":"2013-06-04T21:53:33","guid":{"rendered":"https:\/\/analyse.optim.biz\/?p=226282"},"modified":"2013-06-05T00:53:33","modified_gmt":"2013-06-04T21:53:33","slug":"elena-basescu-s-a-plans-la-bruxelles-ca-pnl-incalca-drepturile-romilor","status":"publish","type":"post","link":"https:\/\/analyse.optim.biz\/?p=226282","title":{"rendered":"Elena B\u0103sescu s-a pl\u00e2ns la Bruxelles c\u0103 PNL \u00eencalc\u0103 drepturile romilor"},"content":{"rendered":"<div class=\"entry data-app-meta data-app-meta-article\" data-embed-base-url-canonical=\"https:\/\/www.digi24.ro\/embed\/stiri\/actualitate\/politica\/elena-basescu-s-a-plans-la-bruxelles-ca-pnl-incalca-drepturile-romilor-78880\">\n<p data-index=\"1\">Scandalul a pornit de la\u00a0<strong>deputa\u0163ii PNL Grigore Cr\u0103ciunescu \u015fi Mircea Dolha.<\/strong>\u00a0Ei au propus ca prin Constitu\u0163ie s\u0103 se interzic\u0103 folosirea cuv\u00e2ntului &#8220;rom\u00e2n&#8221;, dar \u015fi a derivatelor, precum &#8220;rom&#8221;, \u00een denumirea minorit\u0103\u0163ilor din \u0163ara noastr\u0103.\u00a0<\/p>\n<p data-index=\"2\">\u201e<strong>Este cunoscut\u0103 ast\u0103zi imaginea pe care o avem noi \u00een Europa datorit\u0103 faptului c\u0103 o minoritate din Rom\u00e2nia folose\u015fte o prescurtare, un derivat din cuv\u00e2ntul rom\u00e2n sau Rom\u00e2nia \u015fi acest lucru ne face foarte mult r\u0103u<\/strong>\u201d, a spus deputatul PNL\u00a0<strong>Grigore Cr\u0103ciunescu.<\/strong><\/p>\n<p data-index=\"3\">Acesta recunoa\u015fte c\u0103 amendamentul \u00een cauz\u0103 are o \u0163int\u0103 precis\u0103: \u201eEste vorba despre \u0163igani, care este o denumire cunoscut\u0103 \u00een toat\u0103 Europa, gipsy\u201d.<\/p>\n<p data-index=\"4\">Propunerea celor doi liberali a fost reclamat\u0103 comisarului european\u00a0<strong>Viviane Reding<\/strong>\u00a0de c\u0103tre europarlamentarul PDL<strong>\u00a0Elena B\u0103sescu<\/strong>. Nici colegii din Parlamentul de la Bucure\u015fti nu au primit mai bine amendamentul liberalilor.<\/p>\n<p data-index=\"5\">\u201e<strong>Noi vorbim limba rromanii, nu vorbim limba \u0163ig\u0103neasc\u0103. Prin denumirea de rom nu consider c\u0103 am \u00eenc\u0103lcat vreun drept sau vreun statut sau am lezat cumva cet\u0103\u0163enii rom\u00e2ni<\/strong>\u201d, afirm\u0103\u00a0<strong>Nicolae P\u0103un<\/strong>, deputat al minorit\u0103\u0163ii rome.<\/p>\n<p data-index=\"6\">\u201eNu este ceva care poate fi sus\u0163inut \u00eentr-o \u0163ar\u0103 democratic\u0103 \u00een secolul XXI, \u00eentr-o \u0163ar\u0103 european\u0103, ca s\u0103 nu spun c\u0103 este o prostie\u201d, crede \u015fi pre\u015fedintele UDMR, Kelemen Hunor.<\/p>\n<p data-index=\"7\">Controversa numelui acestei comunit\u0103\u0163i a dus, \u00een 2012, \u015fi la modific\u0103ri \u00een Dic\u0163ionarul Explicativ al Limbii Rom\u00e2ne. Cuv\u00e2ntul &#8220;rom&#8221; a devenit definitoriu pentru aceast\u0103 etnie, \u00een timp ce cuv\u00e2ntul &#8220;\u0163igan&#8221; a c\u0103p\u0103tat o conota\u0163ie negativ\u0103.<\/p>\n<p data-index=\"8\">\u00cens\u0103 nu to\u0163i reprezentan\u0163ii acestei etnii v\u0103d lucrurile \u00een acest fel.<\/p>\n<p data-index=\"9\">\u201e<strong>Eu cred c\u0103 nu ne va deranja s\u0103 ni se spun\u0103 \u0163igani cum ni s-a spus p\u00e2n\u0103 acum.<\/strong>\u00a0Numai c\u0103 atunci c\u00e2nd spui cuv\u00e2ntul \u0163igan trebuie s\u0103-l spui pe o voce mai cald\u0103, mai dulce\u201d, crede<strong>\u00a0Nelson Bambaloi<\/strong>, consilier pe problemele romilor \u00een cadrul Prefecturii Dolj.<\/p>\n<p data-index=\"10\">Nu este pentru prima dat\u0103 c\u00e2nd numele acestei minorit\u0103\u0163i ajunge motiv de scandal. Fostul deputat PDL\u00a0<strong>Silviu Prigoan\u0103<\/strong>\u00a0a propus eliminarea no\u0163iunii de rom \u015fi reintroducerea celei de \u0163igan. Propunerea sa a fost \u00eens\u0103 respins\u0103 at\u00e2t la Senat c\u00e2t \u015fi la Camera Deputa\u0163ilor \u015fi a fost acceptat\u0103 doar de Academia Rom\u00e2n\u0103.<\/p>\n<p data-index=\"11\"><strong>Termenul &#8220;rom&#8221; pentru comunitatea originar\u0103 din nord-vestul Indiei a fost impus oficial \u00een 2000, de Guvernul Mugur Is\u0103rescu<\/strong>, \u00een urma unui memorandum semnat de Petre Roman, ministrul de Externe de atunci.<\/p>\n<\/div>\n<p> Source URL: https:\/\/www.digi24.ro\/stiri\/actualitate\/politica\/elena-basescu-s-a-plans-la-bruxelles-ca-pnl-incalca-drepturile-romilor-78880<\/p>\n","protected":false},"excerpt":{"rendered":"<p>Scandalul a pornit de la\u00a0deputa\u0163ii PNL Grigore Cr\u0103ciunescu \u015fi Mircea Dolha.\u00a0Ei au propus ca prin Constitu\u0163ie s\u0103 se interzic\u0103 folosirea cuv\u00e2ntului &#8220;rom\u00e2n&#8221;, dar \u015fi a derivatelor, precum &#8220;rom&#8221;, \u00een denumirea minorit\u0103\u0163ilor din \u0163ara noastr\u0103.\u00a0 \u201eEste cunoscut\u0103 ast\u0103zi imaginea pe care o avem noi \u00een Europa datorit\u0103 faptului c\u0103 o minoritate din Rom\u00e2nia folose\u015fte o prescurtare, [&hellip;]<\/p>\n","protected":false},"author":1,"featured_media":226283,"comment_status":"open","ping_status":"","sticky":false,"template":"","format":"standard","meta":{"footnotes":""},"categories":[2],"tags":[11],"class_list":["post-226282","post","type-post","status-publish","format-standard","has-post-thumbnail","hentry","category-politics","tag-digi24"],"_links":{"self":[{"href":"https:\/\/analyse.optim.biz\/index.php?rest_route=\/wp\/v2\/posts\/226282","targetHints":{"allow":["GET"]}}],"collection":[{"href":"https:\/\/analyse.optim.biz\/index.php?rest_route=\/wp\/v2\/posts"}],"about":[{"href":"https:\/\/analyse.optim.biz\/index.php?rest_route=\/wp\/v2\/types\/post"}],"author":[{"embeddable":true,"href":"https:\/\/analyse.optim.biz\/index.php?rest_route=\/wp\/v2\/users\/1"}],"replies":[{"embeddable":true,"href":"https:\/\/analyse.optim.biz\/index.php?rest_route=%2Fwp%2Fv2%2Fcomments&post=226282"}],"version-history":[{"count":0,"href":"https:\/\/analyse.optim.biz\/index.php?rest_route=\/wp\/v2\/posts\/226282\/revisions"}],"wp:featuredmedia":[{"embeddable":true,"href":"https:\/\/analyse.optim.biz\/index.php?rest_route=\/wp\/v2\/media\/226283"}],"wp:attachment":[{"href":"https:\/\/analyse.optim.biz\/index.php?rest_route=%2Fwp%2Fv2%2Fmedia&parent=226282"}],"wp:term":[{"taxonomy":"category","embeddable":true,"href":"https:\/\/analyse.optim.biz\/index.php?rest_route=%2Fwp%2Fv2%2Fcategories&post=226282"},{"taxonomy":"post_tag","embeddable":true,"href":"https:\/\/analyse.optim.biz\/index.php?rest_route=%2Fwp%2Fv2%2Ftags&post=226282"}],"curies":[{"name":"wp","href":"https:\/\/api.w.org\/{rel}","templated":true}]}}