{"id":225968,"date":"2013-06-17T23:08:12","date_gmt":"2013-06-17T20:08:12","guid":{"rendered":"https:\/\/analyse.optim.biz\/?p=225968"},"modified":"2013-06-17T23:08:12","modified_gmt":"2013-06-17T20:08:12","slug":"cristian-parvulescu-votul-din-senat-privind-revizuirea-constitutiei-amanat-din-cauza-referendumului","status":"publish","type":"post","link":"https:\/\/analyse.optim.biz\/?p=225968","title":{"rendered":"Cristian P\u00e2rvulescu: Votul din Senat privind revizuirea Constitu\u021biei, am\u00e2nat din cauza referendumului"},"content":{"rendered":"<div class=\"entry data-app-meta data-app-meta-article\" data-embed-base-url-canonical=\"https:\/\/www.digi24.ro\/embed\/stiri\/actualitate\/politica\/cristian-parvulescu-votul-din-senat-privind-revizuirea-constitutiei-amanat-din-cauza-referendumului-82916\">\n<p data-index=\"1\">\u201eProblema real\u0103 este legat\u0103 de referendumul pe care Traian B\u0103sescu \u00eel va organiza cu acelea\u0219i \u00eentreb\u0103ri ca \u00een 2009. Este oportun s\u0103 existe un proiect de revizuire a Constitu\u021biei \u00eenaintea acestui referendum c\u00e2t\u0103 vreme rezultatul s\u0103u este \u00eenc\u0103 necunoscut? Eu cred c\u0103 acesta este motivul pentru care se am\u00e2n\u0103.<\/p>\n<p data-index=\"2\">Excep\u021bie f\u0103c\u00e2nd domnul Zgonea, PSD \u0219i-a asumat acest lucru, PSD a insistat pentru o grab\u0103 at\u00e2t de mare pentru c\u0103 interesul guvernului, al domnului Ponta este ca regionalizarea s\u0103 se fac\u0103 p\u00e2n\u0103 la sf\u00e2r\u0219itul anului. Ori, ca s\u0103 ai regionalizare ai nevoie de regiuni trecute \u00een Constitu\u021bie, nu sunt \u00een momentul de fa\u021b\u0103 \u0219i atunci referendumul din octombrie ar fi permis ca \u00een luna noiembrie o procedur\u0103 parlamentar\u0103 privind regionalizarea s\u0103 fie avut\u0103 \u00een vedere, sigur rapid\u0103, \u0219i la sf\u00e2r\u0219itul anului regionalizarea s\u0103 fie \u00eencheiat\u0103. Este o promisiune care a fost f\u0103cut\u0103 pornind de la premisa c\u0103 exist\u0103 o majoritate politic\u0103 capabil\u0103 s\u0103-\u0219i duc\u0103 promisiunile p\u00e2n\u0103 la cap\u0103t.<\/p>\n<p data-index=\"3\">A ap\u0103rut referendumul, nimeni nu-l \u00eempiedic\u0103 \u0219i va putea fi organizat, \u00een\u021beleg c\u0103 Traian B\u0103sescu mai a\u0219teapt\u0103 dat de 26 iunie, c\u00e2nd Curtea Constitu\u021bional\u0103 va examina legea privind referendumul\u201d, a spus Cristian P\u00e2rvulescu, pre\u0219edintele Forumului Constitu\u021bional<\/p>\n<p data-index=\"4\">\u201eProblema se rezolv\u0103 simplu: USL s\u0103 \u021bin\u0103 seama de rezultatul referendumului din 2009, s\u0103 avem o singur\u0103 camer\u0103, c\u0103 a\u0219a a spus majoritatea popula\u021biei, s\u0103 avem 300 de parlamentari, nu se mai organizeaz\u0103 referendumul c\u0103 nu mai are rost \u0219i atunci putem intra \u00een linie dreapt\u0103 privind dezbaterile pe Constitu\u021bie\u201d, a sus\u021binut Gheorghe Ialomi\u021bianu, deputat PDL \u0219i fost ministru de Finan\u021be.\u00a0<\/p>\n<p data-index=\"5\">Ast\u0103zi, l<a href=\"https:\/\/www.digi24.ro\/stire\/REVIZUIREA-CONSTITUTIEI-Parlamentarii-traseisti-pierd-mandatul_111255\" target=\"_blank\" data-skip-linkfix=\"1\" rel=\"noopener\">iderii USL au convenit s\u0103 am\u00e2ne votul din plenul Senatului<\/a>\u00a0asupra proiectului de revizuire a Constitu\u0163iei pentru \u00eenceputul lunii septembrie, deoarece avizul Cur\u0163ii Constitu\u0163ionale ar putea veni dup\u0103 \u00eencheierea actualei sesiuni parlamentare.\u00a0Tot ast\u0103zi\u00a0<a href=\"https:\/\/www.digi24.ro\/stire\/Referendum-Parlament-unicameral-Alesii-analizeaza-solicitarea-presedintelui-Traian-Basescu_111252\" target=\"_blank\" data-skip-linkfix=\"1\" rel=\"noopener\">Comisiile Juridice ale celor dou\u0103 camere ale Parlamentului au decis s\u0103 dea aviz pozitiv<\/a>\u00a0solicit\u0103rii pre\u0219edintelui Traian B\u0103sescu pentru organizarea referendumului privind unicameralul cu 300 de membri.\u00a0<\/p>\n<p data-index=\"6\">Pre\u0219edintele\u00a0<a href=\"https:\/\/www.digi24.ro\/stire\/Traian-Basescu-Nu-iau-in-calcul-un-referendum-doi-in-unu_111471\" data-skip-linkfix=\"1\">Traian B\u0103sescu a declarat ast\u0103zi c\u0103 nu ia \u00een calcul un \u201ereferendum doi \u00een unu\u201d<\/a>\u00a0\u0219i c\u0103 cel pe care \u00eel propune el rom\u00e2nilor, legat de pragul de prezen\u021b\u0103 la referendum \u0219i de noua Constitu\u021bie \u00een ceea ce prive\u0219te Parlamentul unicameral cu 300 de ale\u0219i, va fi cu cel pu\u021bin o s\u0103pt\u0103m\u00e2n\u0103 \u00eenaintea celui pentru Constitu\u021bie.<\/p>\n<\/div>\n<p> Source URL: https:\/\/www.digi24.ro\/stiri\/actualitate\/politica\/cristian-parvulescu-votul-din-senat-privind-revizuirea-constitutiei-amanat-din-cauza-referendumului-82916<\/p>\n","protected":false},"excerpt":{"rendered":"<p>\u201eProblema real\u0103 este legat\u0103 de referendumul pe care Traian B\u0103sescu \u00eel va organiza cu acelea\u0219i \u00eentreb\u0103ri ca \u00een 2009. Este oportun s\u0103 existe un proiect de revizuire a Constitu\u021biei \u00eenaintea acestui referendum c\u00e2t\u0103 vreme rezultatul s\u0103u este \u00eenc\u0103 necunoscut? Eu cred c\u0103 acesta este motivul pentru care se am\u00e2n\u0103. Excep\u021bie f\u0103c\u00e2nd domnul Zgonea, PSD \u0219i-a [&hellip;]<\/p>\n","protected":false},"author":1,"featured_media":225969,"comment_status":"open","ping_status":"","sticky":false,"template":"","format":"standard","meta":{"footnotes":""},"categories":[2],"tags":[11],"class_list":["post-225968","post","type-post","status-publish","format-standard","has-post-thumbnail","hentry","category-politics","tag-digi24"],"_links":{"self":[{"href":"https:\/\/analyse.optim.biz\/index.php?rest_route=\/wp\/v2\/posts\/225968","targetHints":{"allow":["GET"]}}],"collection":[{"href":"https:\/\/analyse.optim.biz\/index.php?rest_route=\/wp\/v2\/posts"}],"about":[{"href":"https:\/\/analyse.optim.biz\/index.php?rest_route=\/wp\/v2\/types\/post"}],"author":[{"embeddable":true,"href":"https:\/\/analyse.optim.biz\/index.php?rest_route=\/wp\/v2\/users\/1"}],"replies":[{"embeddable":true,"href":"https:\/\/analyse.optim.biz\/index.php?rest_route=%2Fwp%2Fv2%2Fcomments&post=225968"}],"version-history":[{"count":0,"href":"https:\/\/analyse.optim.biz\/index.php?rest_route=\/wp\/v2\/posts\/225968\/revisions"}],"wp:featuredmedia":[{"embeddable":true,"href":"https:\/\/analyse.optim.biz\/index.php?rest_route=\/wp\/v2\/media\/225969"}],"wp:attachment":[{"href":"https:\/\/analyse.optim.biz\/index.php?rest_route=%2Fwp%2Fv2%2Fmedia&parent=225968"}],"wp:term":[{"taxonomy":"category","embeddable":true,"href":"https:\/\/analyse.optim.biz\/index.php?rest_route=%2Fwp%2Fv2%2Fcategories&post=225968"},{"taxonomy":"post_tag","embeddable":true,"href":"https:\/\/analyse.optim.biz\/index.php?rest_route=%2Fwp%2Fv2%2Ftags&post=225968"}],"curies":[{"name":"wp","href":"https:\/\/api.w.org\/{rel}","templated":true}]}}