{"id":225957,"date":"2013-06-18T00:13:49","date_gmt":"2013-06-17T21:13:49","guid":{"rendered":"https:\/\/analyse.optim.biz\/?p=225957"},"modified":"2013-06-18T00:13:49","modified_gmt":"2013-06-17T21:13:49","slug":"traian-basescu-as-merge-la-moscova-dar-deocamdata-nu-am-nicio-invitatie","status":"publish","type":"post","link":"https:\/\/analyse.optim.biz\/?p=225957","title":{"rendered":"Traian B\u0103sescu: A\u015f merge la Moscova, dar deocamdat\u0103 nu am nicio invita\u0163ie"},"content":{"rendered":"<div class=\"entry data-app-meta data-app-meta-article\" data-embed-base-url-canonical=\"https:\/\/www.digi24.ro\/embed\/stiri\/actualitate\/politica\/traian-basescu-as-merge-la-moscova-dar-deocamdata-nu-am-nicio-invitatie-82919\">\n<p data-index=\"1\">Pre\u015fedintele a admis c\u0103 persist\u0103 divergen\u0163ele cu Federa\u0163ia Rus\u0103 \u00een ceea ce prive\u015fte scutul antirachet\u0103.\u00a0<\/p>\n<p data-index=\"2\">\u201eDin punctul meu de vedere a fost o \u00eent\u00e2lnire bun\u0103. \u00cent\u00e2lnirea a prilejuit \u015fi constatarea existen\u0163ei \u015fi a unor puncte divergente, dar am convenit ca d\u00e2nsul s\u0103 transmit\u0103 pre\u015fedintelui Putin disponibilitatea noastr\u0103 pentru cooperare.<strong>\u00a0Avem puncte de vedere diferite. Noi declar\u0103m elementele de scut antichet\u0103 ca fiind un element defensiv. R\u0103m\u00e2ne s\u0103 creasc\u0103 \u00eencrederea<\/strong>\u201d, a spus<strong>\u00a0Traian B\u0103sescu<\/strong>.<\/p>\n<p data-index=\"3\">\u015eeful statului rom\u00e2n nu a ascuns c\u0103 \u00ee\u015fi dore\u015fte o vizit\u0103 la nivel \u00eenalt \u00een Federa\u0163ia Rus\u0103. Totu\u015fi, acesta a precizat c\u0103 oficialii de la Kremlin nu au f\u0103cut niciun demers \u00een acest sens.<\/p>\n<p data-index=\"4\">&#8220;<strong>Deocamdat\u0103 nu am nicio invita\u0163ie, \u00eemi pare r\u0103u. M-a\u015f duce. Dar merge ministrul de Externe s\u0103pt\u0103m\u00e2na viitoare pentru o \u00eent\u00e2lnire cu ministrul de Externe Lavrov<\/strong>\u201d, a declarat \u015feful statului.<\/p>\n<p data-index=\"5\">\u00centrebat despre o posibil\u0103 vizit\u0103 la Bucure\u015fti a lui<strong>\u00a0Vladimir Putin<\/strong>\u00a0\u015fi dac\u0103 va fi adresat\u0103 o invita\u0163ie \u00een acest sens de c\u0103tre ministrul de Externe,\u00a0<strong>Titus Corl\u0103\u0163ean<\/strong>, cu ocazia deplas\u0103rii la Moscova, B\u0103sescu a r\u0103spuns c\u0103 este prematur\u0103 o astfel de discu\u0163ie.<\/p>\n<p data-index=\"6\"><strong>&#8220;S\u0103 vedem. Este timp p\u00e2n\u0103 pleac\u0103 ministrul de externe, s\u0103 vedem ce va mai fi<\/strong>&#8220;, a spus B\u0103sescu.<\/p>\n<p data-index=\"7\"><a href=\"https:\/\/www.digi24.ro\/stire\/Traian-Basescu-face-declaratii-de-presa-la-ora-19-30_111431\" data-skip-linkfix=\"1\">CSAT \u015fi Consiliul de Securitate al Federa\u0163iei Ruse au semnat la aceast\u0103 \u00eent\u00e2lnire un document<\/a>\u00a0privind lupta \u00eempotriva terorismului, a criminalit\u0103\u0163ii transfrontaliere, a traficului de droguri \u015fi de fiin\u0163e umane \u015fi de combatere a sp\u0103l\u0103rii banilor.<\/p>\n<\/div>\n<p> Source URL: https:\/\/www.digi24.ro\/stiri\/actualitate\/politica\/traian-basescu-as-merge-la-moscova-dar-deocamdata-nu-am-nicio-invitatie-82919<\/p>\n","protected":false},"excerpt":{"rendered":"<p>Pre\u015fedintele a admis c\u0103 persist\u0103 divergen\u0163ele cu Federa\u0163ia Rus\u0103 \u00een ceea ce prive\u015fte scutul antirachet\u0103.\u00a0 \u201eDin punctul meu de vedere a fost o \u00eent\u00e2lnire bun\u0103. \u00cent\u00e2lnirea a prilejuit \u015fi constatarea existen\u0163ei \u015fi a unor puncte divergente, dar am convenit ca d\u00e2nsul s\u0103 transmit\u0103 pre\u015fedintelui Putin disponibilitatea noastr\u0103 pentru cooperare.\u00a0Avem puncte de vedere diferite. Noi declar\u0103m [&hellip;]<\/p>\n","protected":false},"author":1,"featured_media":225958,"comment_status":"open","ping_status":"","sticky":false,"template":"","format":"standard","meta":{"footnotes":""},"categories":[2],"tags":[11],"class_list":["post-225957","post","type-post","status-publish","format-standard","has-post-thumbnail","hentry","category-politics","tag-digi24"],"_links":{"self":[{"href":"https:\/\/analyse.optim.biz\/index.php?rest_route=\/wp\/v2\/posts\/225957","targetHints":{"allow":["GET"]}}],"collection":[{"href":"https:\/\/analyse.optim.biz\/index.php?rest_route=\/wp\/v2\/posts"}],"about":[{"href":"https:\/\/analyse.optim.biz\/index.php?rest_route=\/wp\/v2\/types\/post"}],"author":[{"embeddable":true,"href":"https:\/\/analyse.optim.biz\/index.php?rest_route=\/wp\/v2\/users\/1"}],"replies":[{"embeddable":true,"href":"https:\/\/analyse.optim.biz\/index.php?rest_route=%2Fwp%2Fv2%2Fcomments&post=225957"}],"version-history":[{"count":0,"href":"https:\/\/analyse.optim.biz\/index.php?rest_route=\/wp\/v2\/posts\/225957\/revisions"}],"wp:featuredmedia":[{"embeddable":true,"href":"https:\/\/analyse.optim.biz\/index.php?rest_route=\/wp\/v2\/media\/225958"}],"wp:attachment":[{"href":"https:\/\/analyse.optim.biz\/index.php?rest_route=%2Fwp%2Fv2%2Fmedia&parent=225957"}],"wp:term":[{"taxonomy":"category","embeddable":true,"href":"https:\/\/analyse.optim.biz\/index.php?rest_route=%2Fwp%2Fv2%2Fcategories&post=225957"},{"taxonomy":"post_tag","embeddable":true,"href":"https:\/\/analyse.optim.biz\/index.php?rest_route=%2Fwp%2Fv2%2Ftags&post=225957"}],"curies":[{"name":"wp","href":"https:\/\/api.w.org\/{rel}","templated":true}]}}