{"id":225733,"date":"2013-06-20T15:39:58","date_gmt":"2013-06-20T12:39:58","guid":{"rendered":"https:\/\/analyse.optim.biz\/?p=225733"},"modified":"2013-06-20T15:39:58","modified_gmt":"2013-06-20T12:39:58","slug":"vacanta-parlamentarii-au-fost-la-serviciu-cel-mult-o-luna-si-jumatate-din-sase","status":"publish","type":"post","link":"https:\/\/analyse.optim.biz\/?p=225733","title":{"rendered":"VACAN\u021a\u0102. Parlamentarii au fost la serviciu cel mult o lun\u0103 \u015fi jum\u0103tate din \u0219ase"},"content":{"rendered":"<div class=\"entry data-app-meta data-app-meta-article\" data-embed-base-url-canonical=\"https:\/\/www.digi24.ro\/embed\/stiri\/actualitate\/politica\/vacanta-parlamentarii-au-fost-la-serviciu-cel-mult-o-luna-si-jumatate-din-sase-83749\">\n<p data-index=\"1\">Din cele 113 zile lucr\u0103toare, deputa\u0163ii au bifat 48 de zile, iar senatorii doar 45. \u00cen decembrie, luna cadourilor, parlamentarii au primit \u00een dar numai trei zile de munc\u0103. \u00cen ianuarie, lun\u0103 de vacan\u0163\u0103 parlamentar\u0103, au fost totu\u015fi dou\u0103 zile la serviciu. Din februarie, ale\u015fii \u00eencep s\u0103 vin\u0103 mai des la Parlament, dar media lunar\u0103 este de \u015fapte, opt zile lucrate.<\/p>\n<p data-index=\"2\"><strong>Citi\u021bi \u0219i:<\/strong><\/p>\n<p data-index=\"3\"><strong><a href=\"https:\/\/www.digi24.ro\/stire\/Alesii-nu-se-dezmint-au-chiulit-din-nou_111886\" target=\"_blank\" data-skip-linkfix=\"1\" rel=\"noopener\">Ale\u0219ii nu se dezmint, au chiulit din nou<\/a><\/strong><\/p>\n<p data-index=\"4\">\u00cen acest timp, din bugetul statului s-au pompat fonduri uria\u015fe pentru cazarea, indemniza\u0163iile, transportul \u015fi sumele forfetare ale parlamentarilor. Lunar, cazarea deputa\u0163ilor ne-a costat \u00een jur de un milion \u015fi jum\u0103tate de lei, transportul, peste 600 de mii de lei, indemniza\u0163iile, aproape dou\u0103 milioane de lei, iar suma forfetar\u0103, peste patru milioane de lei.<\/p>\n<p data-index=\"5\">\u015ei \u00een cazul senatorilor, sumele sunt consistente. Pentru cazarea lor, bugetul de stat a pl\u0103tit 800 de mii de lei, pentru transport, peste 600 de mii de lei, iar pentru sumele forfetare aproximativ dou\u0103 milioane de lei.<\/p>\n<h5>C\u00e2t muncesc ale\u015fii<\/h5>\n<p data-index=\"6\">Decembrie &#8211; Iunie<\/p>\n<p data-index=\"7\">deputa\u0163ii &#8211; 48 zile<\/p>\n<p data-index=\"8\">senatorii &#8211; 45 zile<\/p>\n<p data-index=\"9\">sursa: cdep.ro, senat.ro<\/p>\n<h5>C\u00e2t ne cost\u0103 deputa\u0163ii \u00eentr-o lun\u0103<\/h5>\n<p data-index=\"10\">Cazare: 1.550.000 lei<\/p>\n<p data-index=\"11\">Transport: 640.000 lei<\/p>\n<p data-index=\"12\">Indemniza\u0163ii: 1.969.745 lei<\/p>\n<p data-index=\"13\">Suma forfetar\u0103: 409 X 10.000 lei = 4.090.000 lei<\/p>\n<p data-index=\"14\">Total: aproximativ 8.300.000 lei<\/p>\n<p data-index=\"15\">Sursa: Camera Deputa\u0163ilor<\/p>\n<h5>C\u00e2t ne cost\u0103 senatorii \u00eentr-o lun\u0103<\/h5>\n<p data-index=\"16\">Cazare: 800.000 lei<\/p>\n<p data-index=\"17\">Indemniza\u0163ii: 847.000 lei<\/p>\n<p data-index=\"18\">Transport: 630.000 lei<\/p>\n<p data-index=\"19\">Suma forfetar\u0103 174 X 10.000 lei = 1.740.000 lei<\/p>\n<p data-index=\"20\">Total: aproximativ 4 milioane de lei<\/p>\n<p data-index=\"21\">Sursa: Senatul Rom\u00e2niei<\/p>\n<\/div>\n<p> Source URL: https:\/\/www.digi24.ro\/stiri\/actualitate\/politica\/vacanta-parlamentarii-au-fost-la-serviciu-cel-mult-o-luna-si-jumatate-din-sase-83749<\/p>\n","protected":false},"excerpt":{"rendered":"<p>Din cele 113 zile lucr\u0103toare, deputa\u0163ii au bifat 48 de zile, iar senatorii doar 45. \u00cen decembrie, luna cadourilor, parlamentarii au primit \u00een dar numai trei zile de munc\u0103. \u00cen ianuarie, lun\u0103 de vacan\u0163\u0103 parlamentar\u0103, au fost totu\u015fi dou\u0103 zile la serviciu. Din februarie, ale\u015fii \u00eencep s\u0103 vin\u0103 mai des la Parlament, dar media lunar\u0103 [&hellip;]<\/p>\n","protected":false},"author":1,"featured_media":225734,"comment_status":"open","ping_status":"","sticky":false,"template":"","format":"standard","meta":{"footnotes":""},"categories":[2],"tags":[11],"class_list":["post-225733","post","type-post","status-publish","format-standard","has-post-thumbnail","hentry","category-politics","tag-digi24"],"_links":{"self":[{"href":"https:\/\/analyse.optim.biz\/index.php?rest_route=\/wp\/v2\/posts\/225733","targetHints":{"allow":["GET"]}}],"collection":[{"href":"https:\/\/analyse.optim.biz\/index.php?rest_route=\/wp\/v2\/posts"}],"about":[{"href":"https:\/\/analyse.optim.biz\/index.php?rest_route=\/wp\/v2\/types\/post"}],"author":[{"embeddable":true,"href":"https:\/\/analyse.optim.biz\/index.php?rest_route=\/wp\/v2\/users\/1"}],"replies":[{"embeddable":true,"href":"https:\/\/analyse.optim.biz\/index.php?rest_route=%2Fwp%2Fv2%2Fcomments&post=225733"}],"version-history":[{"count":0,"href":"https:\/\/analyse.optim.biz\/index.php?rest_route=\/wp\/v2\/posts\/225733\/revisions"}],"wp:featuredmedia":[{"embeddable":true,"href":"https:\/\/analyse.optim.biz\/index.php?rest_route=\/wp\/v2\/media\/225734"}],"wp:attachment":[{"href":"https:\/\/analyse.optim.biz\/index.php?rest_route=%2Fwp%2Fv2%2Fmedia&parent=225733"}],"wp:term":[{"taxonomy":"category","embeddable":true,"href":"https:\/\/analyse.optim.biz\/index.php?rest_route=%2Fwp%2Fv2%2Fcategories&post=225733"},{"taxonomy":"post_tag","embeddable":true,"href":"https:\/\/analyse.optim.biz\/index.php?rest_route=%2Fwp%2Fv2%2Ftags&post=225733"}],"curies":[{"name":"wp","href":"https:\/\/api.w.org\/{rel}","templated":true}]}}