{"id":225683,"date":"2013-06-21T13:20:54","date_gmt":"2013-06-21T10:20:54","guid":{"rendered":"https:\/\/analyse.optim.biz\/?p=225683"},"modified":"2013-06-21T13:20:54","modified_gmt":"2013-06-21T10:20:54","slug":"gheorghe-netoiu-a-parasit-ppdd-si-s-a-inscris-in-unpr","status":"publish","type":"post","link":"https:\/\/analyse.optim.biz\/?p=225683","title":{"rendered":"Gheorghe Ne\u0163oiu a p\u0103r\u0103sit PPDD \u015fi s-a \u00eenscris \u00een UNPR"},"content":{"rendered":"<div class=\"entry data-app-meta data-app-meta-article\" data-embed-base-url-canonical=\"https:\/\/www.digi24.ro\/embed\/stiri\/actualitate\/politica\/gheorghe-netoiu-a-parasit-ppdd-si-s-a-inscris-in-unpr-84062\">\n<p data-index=\"1\"><img decoding=\"async\" src=\"https:\/\/analyse.optim.biz\/wp-content\/uploads\/2024\/09\/y2nizdljnzc2nmnlzdhkngywmwzhmdewotvmzjviyg-thumb_.jpg\" data-skip-htmlfix=\"1\" title=\"y2nizdljnzc2nmnlzdhkngywmwzhmdewotvmzjviyg-thumb_\"><\/p>\n<p data-index=\"2\">\u201e<span>\u00cencep\u00e2nd din data de 21 iunie, Gheorghe Ne\u0163oiu va activa \u00een UNPR, grupul parlamentar PSD din Camera Deputa\u0163ilor\u201d, se men\u021bioneaz\u0103 \u00een comunicatul citat de Mediafax.<\/span><\/p>\n<p data-index=\"3\">Gheorghe\u00a0Ne\u0163oiu a intrat \u00een politic\u0103 \u00een anul 2004, c\u00e2nd s-a \u00eenscris \u00een PSD. Cinci ani mai t\u00e2rziu, el a fost exclus din organiza\u0163ia de Ilfov din cauza unor afirma\u0163ii f\u0103cute la adresa partidului.<\/p>\n<p data-index=\"4\">Gheorghe Ne\u0163oiu a devenit apoi membru al UNPR, dar \u00een septembrie a demisionat, \u00eempreun\u0103 cu fostul primar al Craiovei Antonie Solomon. Ambii s-au \u00eenscris atunci \u00een PPDD.<\/p>\n<\/div>\n<p> Source URL: https:\/\/www.digi24.ro\/stiri\/actualitate\/politica\/gheorghe-netoiu-a-parasit-ppdd-si-s-a-inscris-in-unpr-84062<\/p>\n","protected":false},"excerpt":{"rendered":"<p>\u201e\u00cencep\u00e2nd din data de 21 iunie, Gheorghe Ne\u0163oiu va activa \u00een UNPR, grupul parlamentar PSD din Camera Deputa\u0163ilor\u201d, se men\u021bioneaz\u0103 \u00een comunicatul citat de Mediafax. Gheorghe\u00a0Ne\u0163oiu a intrat \u00een politic\u0103 \u00een anul 2004, c\u00e2nd s-a \u00eenscris \u00een PSD. Cinci ani mai t\u00e2rziu, el a fost exclus din organiza\u0163ia de Ilfov din cauza unor afirma\u0163ii f\u0103cute [&hellip;]<\/p>\n","protected":false},"author":1,"featured_media":225684,"comment_status":"open","ping_status":"","sticky":false,"template":"","format":"standard","meta":{"footnotes":""},"categories":[2],"tags":[11],"class_list":["post-225683","post","type-post","status-publish","format-standard","has-post-thumbnail","hentry","category-politics","tag-digi24"],"_links":{"self":[{"href":"https:\/\/analyse.optim.biz\/index.php?rest_route=\/wp\/v2\/posts\/225683","targetHints":{"allow":["GET"]}}],"collection":[{"href":"https:\/\/analyse.optim.biz\/index.php?rest_route=\/wp\/v2\/posts"}],"about":[{"href":"https:\/\/analyse.optim.biz\/index.php?rest_route=\/wp\/v2\/types\/post"}],"author":[{"embeddable":true,"href":"https:\/\/analyse.optim.biz\/index.php?rest_route=\/wp\/v2\/users\/1"}],"replies":[{"embeddable":true,"href":"https:\/\/analyse.optim.biz\/index.php?rest_route=%2Fwp%2Fv2%2Fcomments&post=225683"}],"version-history":[{"count":0,"href":"https:\/\/analyse.optim.biz\/index.php?rest_route=\/wp\/v2\/posts\/225683\/revisions"}],"wp:featuredmedia":[{"embeddable":true,"href":"https:\/\/analyse.optim.biz\/index.php?rest_route=\/wp\/v2\/media\/225684"}],"wp:attachment":[{"href":"https:\/\/analyse.optim.biz\/index.php?rest_route=%2Fwp%2Fv2%2Fmedia&parent=225683"}],"wp:term":[{"taxonomy":"category","embeddable":true,"href":"https:\/\/analyse.optim.biz\/index.php?rest_route=%2Fwp%2Fv2%2Fcategories&post=225683"},{"taxonomy":"post_tag","embeddable":true,"href":"https:\/\/analyse.optim.biz\/index.php?rest_route=%2Fwp%2Fv2%2Ftags&post=225683"}],"curies":[{"name":"wp","href":"https:\/\/api.w.org\/{rel}","templated":true}]}}