{"id":225624,"date":"2013-06-22T16:55:20","date_gmt":"2013-06-22T13:55:20","guid":{"rendered":"https:\/\/analyse.optim.biz\/?p=225624"},"modified":"2013-06-22T16:55:20","modified_gmt":"2013-06-22T13:55:20","slug":"adrian-nastase-a-implinit-63-de-ani-pot-considera-ca-am-doua-zile-de-nastere","status":"publish","type":"post","link":"https:\/\/analyse.optim.biz\/?p=225624","title":{"rendered":"Adrian Nastase a \u00eemplinit 63 de ani: Pot considera c\u0103 am dou\u0103 zile de na\u0219tere"},"content":{"rendered":"<div class=\"entry data-app-meta data-app-meta-article\" data-embed-base-url-canonical=\"https:\/\/www.digi24.ro\/embed\/stiri\/actualitate\/politica\/adrian-nastase-a-implinit-63-de-ani-pot-considera-ca-am-doua-zile-de-nastere-84436\">\n<p data-index=\"1\">Adrian N\u0103stase, care a \u00eemplinit ast\u0103zi 63 de ani, spune c\u0103 poate considera c\u0103 are dou\u0103 zile de na\u015ftere: 20 iunie \u015fi 22 iunie. El afirm\u0103 c\u0103 odat\u0103 cu tentativa de suicid de anul trecut a trecut \u00eentr-o alt\u0103 via\u0163\u0103.<\/p>\n<p data-index=\"2\">M\u0103rturie stau cicatricile, detaliaz\u0103 fostul prim-ministru, pe care le revede \u00een fiecare diminea\u0163\u0103, c\u00e2nd se b\u0103rbiere\u015fte.<\/p>\n<p data-index=\"3\">\u201eUn coleg men\u0163iona cele dou\u0103 zile de na\u015ftere ale mele: 20 iunie \u015fi 22 iunie. Mi s-a p\u0103rut extrem de adev\u0103rat. Anul trecut, \u00een 20 iunie, am trecut \u00eentr-o alt\u0103 via\u0163\u0103. B\u0103rbieritul de diminea\u0163\u0103 se \u00eenc\u0103p\u0103\u0163\u00e2neaz\u0103 s\u0103-mi aminteasc\u0103, \u00een fiecare zi, lucrul acesta. Cicatricile au r\u0103mas. A trecut un an. Sau au trecut 63 de de ani. Afar\u0103 e soare \u0219i timpul curge lini\u0219tit, indiferent la sup\u0103r\u0103rile \u0219i bucuriile noastre\u201d, a scris pe blogul s\u0103u Adrian N\u0103stase.<\/p>\n<p data-index=\"4\">Fostul lider PSD a fost condamnat \u00een 2012, la doi ani cu executare, \u00een dosarul \u201eTrofeul Calit\u0103\u0163ii\u201d. Pe 20 iunie, c\u00e2nd sentin\u0163a \u00cenaltei Cur\u0163i a devenit definitiv\u0103, Adrian N\u0103stase a \u00eencercat s\u0103 \u00ee\u015fi pun\u0103 cap\u0103t zilelor. El a fost eliberat din \u00eenchisoare anul acesta, pe 18 martie.<\/p>\n<h5>Mesajul lui Victor Ponta de ziua lui Adrian N\u0103stase: Sunt sigur c\u0103 ve\u0163i r\u0103m\u00e2ne acela\u015fi model de \u00een\u0163elepciune<\/h5>\n<p data-index=\"5\">Premierul Victor Ponta i-a urat, s\u00e2mb\u0103t\u0103, pe contul s\u0103u de Facebook, \u201eLa mul\u0163i ani!\u201d fostului lider social-democrat Adrian N\u0103stase, el ar\u0103t\u00e2nd c\u0103 \u00eentotdeauna a avut ce \u00eenv\u0103\u0163a de la N\u0103stase \u015fi manifest\u00e2ndu-\u015fi certitudinea c\u0103 acesta va r\u0103m\u00e2ne acela\u015fi model de \u00een\u0163elepciune \u015fi maturitate politic\u0103.<\/p>\n<p data-index=\"6\">\u201eLa mul\u0163i ani, domnule\u00a0Adrian N\u0103stase! Recunosc c\u0103 \u00eentotdeauna am avut ce \u00eenv\u0103\u0163a de la dumneavoastr\u0103. Sunt sigur c\u0103 ve\u0163i r\u0103m\u00e2ne acela\u015fi model de \u00een\u0163elepciune \u015fi maturitate politic\u0103!\u201d,\u00a0a scris Ponta pe contul s\u0103u de Facebook.<\/p>\n<p data-index=\"7\">Totodat\u0103, premierul a \u0163inut s\u0103 o felicite \u015fi pe\u00a0Rovana Plumb, ministrul Mediului, care \u00ee\u015fi s\u0103rb\u0103tore\u015fte tot s\u00e2mb\u0103t\u0103 ziua de na\u015ftere.<\/p>\n<p data-index=\"8\">\u201eLa mul\u0163i ani, doamn\u0103 Rovana Plumb! Mereu un prieten apropiat, dar \u015fi un ministru tot mai eficient!\u201d, a ad\u0103ugat Ponta, care \u00eei consider\u0103 pe N\u0103stase \u015fi pe Rovana Plumb \u201edoi colegi \u015fi prieteni deosebi\u0163i\u201d.<\/p>\n<\/div>\n<p> Source URL: https:\/\/www.digi24.ro\/stiri\/actualitate\/politica\/adrian-nastase-a-implinit-63-de-ani-pot-considera-ca-am-doua-zile-de-nastere-84436<\/p>\n","protected":false},"excerpt":{"rendered":"<p>Adrian N\u0103stase, care a \u00eemplinit ast\u0103zi 63 de ani, spune c\u0103 poate considera c\u0103 are dou\u0103 zile de na\u015ftere: 20 iunie \u015fi 22 iunie. El afirm\u0103 c\u0103 odat\u0103 cu tentativa de suicid de anul trecut a trecut \u00eentr-o alt\u0103 via\u0163\u0103. M\u0103rturie stau cicatricile, detaliaz\u0103 fostul prim-ministru, pe care le revede \u00een fiecare diminea\u0163\u0103, c\u00e2nd se [&hellip;]<\/p>\n","protected":false},"author":1,"featured_media":225625,"comment_status":"open","ping_status":"","sticky":false,"template":"","format":"standard","meta":{"footnotes":""},"categories":[2],"tags":[11],"class_list":["post-225624","post","type-post","status-publish","format-standard","has-post-thumbnail","hentry","category-politics","tag-digi24"],"_links":{"self":[{"href":"https:\/\/analyse.optim.biz\/index.php?rest_route=\/wp\/v2\/posts\/225624","targetHints":{"allow":["GET"]}}],"collection":[{"href":"https:\/\/analyse.optim.biz\/index.php?rest_route=\/wp\/v2\/posts"}],"about":[{"href":"https:\/\/analyse.optim.biz\/index.php?rest_route=\/wp\/v2\/types\/post"}],"author":[{"embeddable":true,"href":"https:\/\/analyse.optim.biz\/index.php?rest_route=\/wp\/v2\/users\/1"}],"replies":[{"embeddable":true,"href":"https:\/\/analyse.optim.biz\/index.php?rest_route=%2Fwp%2Fv2%2Fcomments&post=225624"}],"version-history":[{"count":0,"href":"https:\/\/analyse.optim.biz\/index.php?rest_route=\/wp\/v2\/posts\/225624\/revisions"}],"wp:featuredmedia":[{"embeddable":true,"href":"https:\/\/analyse.optim.biz\/index.php?rest_route=\/wp\/v2\/media\/225625"}],"wp:attachment":[{"href":"https:\/\/analyse.optim.biz\/index.php?rest_route=%2Fwp%2Fv2%2Fmedia&parent=225624"}],"wp:term":[{"taxonomy":"category","embeddable":true,"href":"https:\/\/analyse.optim.biz\/index.php?rest_route=%2Fwp%2Fv2%2Fcategories&post=225624"},{"taxonomy":"post_tag","embeddable":true,"href":"https:\/\/analyse.optim.biz\/index.php?rest_route=%2Fwp%2Fv2%2Ftags&post=225624"}],"curies":[{"name":"wp","href":"https:\/\/api.w.org\/{rel}","templated":true}]}}