{"id":225577,"date":"2013-06-24T10:50:23","date_gmt":"2013-06-24T07:50:23","guid":{"rendered":"https:\/\/analyse.optim.biz\/?p=225577"},"modified":"2013-06-24T10:50:23","modified_gmt":"2013-06-24T07:50:23","slug":"senatorii-si-deputatii-au-lucrat-in-medie-doua-zile-pe-saptamana-de-la-inceputul-legislaturii","status":"publish","type":"post","link":"https:\/\/analyse.optim.biz\/?p=225577","title":{"rendered":"Senatorii \u015fi deputa\u0163ii au lucrat, \u00een medie, dou\u0103 zile pe s\u0103pt\u0103m\u00e2n\u0103 de la \u00eenceputul legislaturii"},"content":{"rendered":"<div class=\"entry data-app-meta data-app-meta-article\" data-embed-base-url-canonical=\"https:\/\/www.digi24.ro\/embed\/stiri\/actualitate\/politica\/senatorii-si-deputatii-au-lucrat-in-medie-doua-zile-pe-saptamana-de-la-inceputul-legislaturii-84914\">\n<p data-index=\"1\">Ale\u0219ii vor lucra s\u0103pt\u0103m\u00e2na aceasta numai mar\u021bi \u0219i miercuri.<\/p>\n<p data-index=\"2\">Din 113 zile lucr\u0103toare, membrii Camerei Deputa\u021bilor au lucrat 48, senatorii au lucrat 45 de zile.<\/p>\n<p data-index=\"3\">Trei zile au fost lucrate \u00een decembrie \u0219i dou\u0103 \u00een ianuarie, iar media zilelor lucrate a fost de 6-8 pe lun\u0103, din februarie \u0219i p\u00e2n\u0103 acum.<\/p>\n<p data-index=\"4\">Constitu\u021bia e cel mai mare proiect al USL \u0219i ar fi trebuit votat noul proiect de c\u0103tre Senat. De asemenea, statutul ar fi trebuit s\u0103 intre \u00een vigoare \u00eenc\u0103 de la \u00eenceputul anului, ceea ce nu s-a \u00eent\u00e2mplat.<\/p>\n<\/div>\n<p> Source URL: https:\/\/www.digi24.ro\/stiri\/actualitate\/politica\/senatorii-si-deputatii-au-lucrat-in-medie-doua-zile-pe-saptamana-de-la-inceputul-legislaturii-84914<\/p>\n","protected":false},"excerpt":{"rendered":"<p>Ale\u0219ii vor lucra s\u0103pt\u0103m\u00e2na aceasta numai mar\u021bi \u0219i miercuri. Din 113 zile lucr\u0103toare, membrii Camerei Deputa\u021bilor au lucrat 48, senatorii au lucrat 45 de zile. Trei zile au fost lucrate \u00een decembrie \u0219i dou\u0103 \u00een ianuarie, iar media zilelor lucrate a fost de 6-8 pe lun\u0103, din februarie \u0219i p\u00e2n\u0103 acum. Constitu\u021bia e cel mai [&hellip;]<\/p>\n","protected":false},"author":1,"featured_media":225578,"comment_status":"open","ping_status":"","sticky":false,"template":"","format":"standard","meta":{"footnotes":""},"categories":[2],"tags":[11],"class_list":["post-225577","post","type-post","status-publish","format-standard","has-post-thumbnail","hentry","category-politics","tag-digi24"],"_links":{"self":[{"href":"https:\/\/analyse.optim.biz\/index.php?rest_route=\/wp\/v2\/posts\/225577","targetHints":{"allow":["GET"]}}],"collection":[{"href":"https:\/\/analyse.optim.biz\/index.php?rest_route=\/wp\/v2\/posts"}],"about":[{"href":"https:\/\/analyse.optim.biz\/index.php?rest_route=\/wp\/v2\/types\/post"}],"author":[{"embeddable":true,"href":"https:\/\/analyse.optim.biz\/index.php?rest_route=\/wp\/v2\/users\/1"}],"replies":[{"embeddable":true,"href":"https:\/\/analyse.optim.biz\/index.php?rest_route=%2Fwp%2Fv2%2Fcomments&post=225577"}],"version-history":[{"count":0,"href":"https:\/\/analyse.optim.biz\/index.php?rest_route=\/wp\/v2\/posts\/225577\/revisions"}],"wp:featuredmedia":[{"embeddable":true,"href":"https:\/\/analyse.optim.biz\/index.php?rest_route=\/wp\/v2\/media\/225578"}],"wp:attachment":[{"href":"https:\/\/analyse.optim.biz\/index.php?rest_route=%2Fwp%2Fv2%2Fmedia&parent=225577"}],"wp:term":[{"taxonomy":"category","embeddable":true,"href":"https:\/\/analyse.optim.biz\/index.php?rest_route=%2Fwp%2Fv2%2Fcategories&post=225577"},{"taxonomy":"post_tag","embeddable":true,"href":"https:\/\/analyse.optim.biz\/index.php?rest_route=%2Fwp%2Fv2%2Ftags&post=225577"}],"curies":[{"name":"wp","href":"https:\/\/api.w.org\/{rel}","templated":true}]}}