{"id":225574,"date":"2013-06-25T15:45:03","date_gmt":"2013-06-25T12:45:03","guid":{"rendered":"https:\/\/analyse.optim.biz\/?p=225574"},"modified":"2013-06-25T15:45:03","modified_gmt":"2013-06-25T12:45:03","slug":"c-antonescu-pdl-a-solicitat-inca-un-vot-in-plen-privind-referendumul-lui-t-basescu-dar-nu-s-a-acceptat","status":"publish","type":"post","link":"https:\/\/analyse.optim.biz\/?p=225574","title":{"rendered":"C. Antonescu: PDL a solicitat \u00eenc\u0103 un vot \u00een plen privind referendumul lui T. B\u0103sescu, dar nu s-a acceptat"},"content":{"rendered":"<div class=\"entry data-app-meta data-app-meta-article\" data-embed-base-url-canonical=\"https:\/\/www.digi24.ro\/embed\/stiri\/actualitate\/politica\/c-antonescu-pdl-a-solicitat-inca-un-vot-in-plen-privind-referendumul-lui-t-basescu-dar-nu-s-a-acceptat-85300\">\n<p data-index=\"1\"><img decoding=\"async\" src=\"https:\/\/analyse.optim.biz\/wp-content\/uploads\/2024\/09\/dz04mdamagfzad1mytawnjywmgrlmde3mti1zmjin2zknzezmge0zmi5mg-thumb_.jpg\" data-skip-htmlfix=\"1\" title=\"dz04mdamagfzad1mytawnjywmgrlmde3mti1zmjin2zknzezmge0zmi5mg-thumb_\"><\/p>\n<p data-index=\"2\">Pre\u0219edintele Senatului, Crin Antonescu, a precizat c\u0103 solicitarea Partidului Social Democrat nu a fost acceptat\u0103, argument\u00e2nd c\u0103 \u201eprocedura s-a s\u0103v\u00e2r\u015fit\u201d.<\/p>\n<p data-index=\"3\"><strong>\u201eDeputatul Mircea Toader, liderul grupului PDL, a solicitat s\u0103 mai d\u0103m un vot o dat\u0103 \u00een plen. Nu s-a acceptat a\u015fa ceva, pentru c\u0103 e foarte limpede: propunerea de aviz favorabil pentru referendum a fost respins\u0103 la vot, \u00eenseamn\u0103 c\u0103 referendumul are un aviz negativ, procedura s-a s\u0103v\u00e2r\u015fit. Avizul e strict consultativ, deci nu-l \u00eempiedic\u0103 pe pre\u015fedinte s\u0103 declan\u015feze referendumul dac\u0103 dore\u015fte, c\u00e2nd dore\u015fte\u201d<\/strong>, a spus Crin Antonescu, citat de Mediafax.<\/p>\n<p data-index=\"4\">Liderul liberal a ar\u0103tat c\u0103 aceast\u0103 solicitare a PDL a fost trimis\u0103 de Birourile Permanente reunite c\u0103tre Comisiile juridice.<\/p>\n<p data-index=\"5\">\u00centrebat de jurnali\u015fti ce se mai poate face cu solicitarea PDL, \u00een condi\u0163iile \u00een care termenul pentru raport, fixat Comisiilor juridice este 15 septembrie, Crin Antonescu a precizat:\u00a0<strong>\u201eSolicitarea nu are rost. Parlamentul s-a pronun\u0163at. Procedura poate merge \u00eenainte, ini\u0163iatorul poate exercita aceast\u0103 prerogativ\u0103\u201d.<\/strong><\/p>\n<p data-index=\"6\"><strong>\u201eNu v\u0103d \u00een acest demers al DDL dec\u00e2t \u00eencercarea de a mai face aceast\u0103 micu\u0163\u0103 propagand\u0103 la m\u00e2na a doua\u201d<\/strong>, a ad\u0103ugat Antonescu.<\/p>\n<h5>Traseul deciziei<\/h5>\n<p data-index=\"7\"><a href=\"https:\/\/www.digi24.ro\/stire\/Referendum-Plenul-Parlamentului-voteaza-astazi-cererea-lui-T-Basescu_111546\" target=\"_blank\" data-skip-linkfix=\"1\" rel=\"noopener\">Senatul \u015fi Camera Deputa\u0163ilor nu au avizat, \u00een lips\u0103 de cvorum, hot\u0103r\u00e2rea care avizeaz\u0103 favorabil solicitarea pre\u015fedintelui Traian B\u0103sescu<\/a>\u00a0privind organizarea unui nou referendum pentru Parlamentul unicameral cu 300 de ale\u015fi. \u00cen urm\u0103 cu o s\u0103pt\u0103m\u00e2n\u0103, \u00een 18 iunie, hot\u0103r\u00e2rea a c\u0103zut \u00een plen, de\u0219i votul exprimat era \u00een majoritate favorabil: cu 191 voturi \u201epentru\u201d, 123 de voturi \u201e\u00eempotriv\u0103\u201d \u015fi 69 de ab\u0163ineri. Reprezentan\u0163ii PDL au reclamat faptul c\u0103 Parlamentul nu are o hot\u0103r\u00e2re \u00een privin\u0163a solicit\u0103rii pre\u015fedintelui.<\/p>\n<p data-index=\"8\">Avizul este consultativ, iar referendumul poate fi convocat oricum de \u015feful statului prin decret preziden\u0163ial. N-ar fi prima dat\u0103 c\u00e2nd rom\u00e2nii se pronun\u0163\u0103 pe aceast\u0103 tem\u0103.<\/p>\n<p data-index=\"9\">\u201eDin punct de vedere juridic, este una din acele situa\u0163ii \u00een care\u00a0<a href=\"https:\/\/www.digi24.ro\/stire\/Valeriu-Zgonea-Parlamentul-si-a-indeplinit-obligatia-privind-referendumul_111650\" target=\"_blank\" data-skip-linkfix=\"1\" rel=\"noopener\">Parlamentul \u015fi-a \u00eendeplinit obliga\u0163ia<\/a>, dar nu exist\u0103 un proiect de hot\u0103r\u00e2re. Din p\u0103cate, a fost un proiect de avizare favorabil\u0103 care nu a \u00eentrunit num\u0103rul de voturi necesar, pre\u015fedintele este obligat s\u0103 a\u015ftepte 20 de zile. Parlamentul \u015fi-a f\u0103cut datoria \u015fi pre\u015fedintele, dup\u0103 acest termen, poate s\u0103 stabileasc\u0103 c\u00e2nd vrea domnia sa declan\u015farea referendumului\u201d, a explicat atunci Valeriu Zgonea, pre\u0219edintele Camerei Deputa\u021bilor.<\/p>\n<p data-index=\"10\">El a spus c\u0103, dac\u0103 raportul favorabil \u00eentrunea num\u0103rul de voturi necesare, atunci se publica \u00een Monitorul Oficial, dac\u0103 nu, procedura se consider\u0103 \u00eendeplinit\u0103.<\/p>\n<p data-index=\"11\"><strong>\u201eDin punctul meu de vedere, procedura este \u00eendeplinit\u0103. Dac\u0103 grupurile parlamentare vor un proiect de hot\u0103r\u00e2re, pot s\u0103-l redacteze \u015fi p\u00e2n\u0103 s\u0103pt\u0103m\u00e2na viitoare, dac\u0103 nu, fiecare parlamentar \u015fi-a \u00eendeplinit prevederea constitu\u0163ional\u0103, a votat fie \u00een comisie, fie \u00een plen. Din acest punct de vedere nu pute\u0163i spune c\u0103 Parlamentul a blocat, a obstruc\u0163ionat sau, \u00een cel mai r\u0103u caz, s-a \u00eempotrivit dezbaterii pe aceast\u0103 cerere a pre\u015fedintelui\u201d<\/strong>, a spus Valeriu Zgonea.<\/p>\n<p data-index=\"12\">Dac\u0103 Parlamentul nu \u00ee\u015fi transmite punctul de vedere \u00een termenul de 20 de zile, \u015feful statului emite decretul privind organizarea referendumului dup\u0103 expirarea acestui termen, procedura constitu\u0163ional\u0103 de consultare a Parlamentului consider\u00e2ndu-se \u00eendeplinit\u0103.<\/p>\n<p data-index=\"13\">Limitarea la 300 a num\u0103rului de parlamentari implic\u0103 modificarea Legii privind alegerea Camerei Deputa\u0163ilor \u015fi Senatului, \u00een timp ce instituirea Parlamentului unicameral implic\u0103 modificarea Constitu\u0163iei. Cele dou\u0103 modific\u0103ri au fost votate prin referendum \u00een 2009.<\/p>\n<\/div>\n<p> Source URL: https:\/\/www.digi24.ro\/stiri\/actualitate\/politica\/c-antonescu-pdl-a-solicitat-inca-un-vot-in-plen-privind-referendumul-lui-t-basescu-dar-nu-s-a-acceptat-85300<\/p>\n","protected":false},"excerpt":{"rendered":"<p>Pre\u0219edintele Senatului, Crin Antonescu, a precizat c\u0103 solicitarea Partidului Social Democrat nu a fost acceptat\u0103, argument\u00e2nd c\u0103 \u201eprocedura s-a s\u0103v\u00e2r\u015fit\u201d. \u201eDeputatul Mircea Toader, liderul grupului PDL, a solicitat s\u0103 mai d\u0103m un vot o dat\u0103 \u00een plen. Nu s-a acceptat a\u015fa ceva, pentru c\u0103 e foarte limpede: propunerea de aviz favorabil pentru referendum a fost [&hellip;]<\/p>\n","protected":false},"author":1,"featured_media":225575,"comment_status":"open","ping_status":"","sticky":false,"template":"","format":"standard","meta":{"footnotes":""},"categories":[2],"tags":[11],"class_list":["post-225574","post","type-post","status-publish","format-standard","has-post-thumbnail","hentry","category-politics","tag-digi24"],"_links":{"self":[{"href":"https:\/\/analyse.optim.biz\/index.php?rest_route=\/wp\/v2\/posts\/225574","targetHints":{"allow":["GET"]}}],"collection":[{"href":"https:\/\/analyse.optim.biz\/index.php?rest_route=\/wp\/v2\/posts"}],"about":[{"href":"https:\/\/analyse.optim.biz\/index.php?rest_route=\/wp\/v2\/types\/post"}],"author":[{"embeddable":true,"href":"https:\/\/analyse.optim.biz\/index.php?rest_route=\/wp\/v2\/users\/1"}],"replies":[{"embeddable":true,"href":"https:\/\/analyse.optim.biz\/index.php?rest_route=%2Fwp%2Fv2%2Fcomments&post=225574"}],"version-history":[{"count":0,"href":"https:\/\/analyse.optim.biz\/index.php?rest_route=\/wp\/v2\/posts\/225574\/revisions"}],"wp:featuredmedia":[{"embeddable":true,"href":"https:\/\/analyse.optim.biz\/index.php?rest_route=\/wp\/v2\/media\/225575"}],"wp:attachment":[{"href":"https:\/\/analyse.optim.biz\/index.php?rest_route=%2Fwp%2Fv2%2Fmedia&parent=225574"}],"wp:term":[{"taxonomy":"category","embeddable":true,"href":"https:\/\/analyse.optim.biz\/index.php?rest_route=%2Fwp%2Fv2%2Fcategories&post=225574"},{"taxonomy":"post_tag","embeddable":true,"href":"https:\/\/analyse.optim.biz\/index.php?rest_route=%2Fwp%2Fv2%2Ftags&post=225574"}],"curies":[{"name":"wp","href":"https:\/\/api.w.org\/{rel}","templated":true}]}}