{"id":225571,"date":"2013-06-25T17:11:08","date_gmt":"2013-06-25T14:11:08","guid":{"rendered":"https:\/\/analyse.optim.biz\/?p=225571"},"modified":"2013-06-25T17:11:08","modified_gmt":"2013-06-25T14:11:08","slug":"lilian-zamfiroiu-votat-de-plenul-senatului-pentru-functia-de-presedinte-al-icr","status":"publish","type":"post","link":"https:\/\/analyse.optim.biz\/?p=225571","title":{"rendered":"Lilian Zamfiroiu, votat de plenul Senatului pentru func\u0163ia de pre\u015fedinte al ICR"},"content":{"rendered":"<div class=\"entry data-app-meta data-app-meta-article\" data-embed-base-url-canonical=\"https:\/\/www.digi24.ro\/embed\/stiri\/actualitate\/politica\/lilian-zamfiroiu-votat-de-plenul-senatului-pentru-functia-de-presedinte-al-icr-85334\">\n<p data-index=\"1\"><img decoding=\"async\" src=\"https:\/\/analyse.optim.biz\/wp-content\/uploads\/2024\/09\/mdamagfzad1mzdeyzjk2othkzgnjmdcwnda2mgvkmdi4nde3m2m3mg-thumb_.jpg\" data-skip-htmlfix=\"1\" title=\"mdamagfzad1mzdeyzjk2othkzgnjmdcwnda2mgvkmdi4nde3m2m3mg-thumb_\"><\/p>\n<p data-index=\"2\"><strong>Actualizare 19.10.<\/strong><span>\u00a0<\/span><span>Diplomatul Lilian Zamfiroiu a fost votat, mar\u0163i, de plenul Senatului \u00een func\u0163ia de pre\u015fedinte al Institutului Cultural Rom\u00e2n ( ICR), la propunerea grupului parlamentar PSD, cu 104 voturi \u201epentru\u201d \u015fi 24 de voturi \u201e\u00eempotriv\u0103\u201d.<\/span><\/p>\n<p data-index=\"3\">\u00centrebat dac\u0103 va p\u0103stra filialele ICR din Rom\u00e2nia, Lilian Zamfiroiu s-a ar\u0103tat rezervat.<\/p>\n<p data-index=\"4\">\u201eM\u0103 voi consulta cu cele dou\u0103 comisii (comisia pentru cultur\u0103 \u015fi cea pentru politic\u0103 extern\u0103 din Senat, n.r), c\u00e2t \u015fi cu oamenii de specialitate asupra legalit\u0103\u0163ii func\u0163ion\u0103rii acestor institute din \u0163ar\u0103.\u00a0<strong>Principala activitate a ICR este exportul de cultur\u0103. Nu plec pe ideea fix\u0103 de a le desfiin\u0163a, vreau s\u0103 verific<\/strong>\u201d, a precizat el, potrivit Mediafax.<\/p>\n<p data-index=\"5\">Lilian Zamfiroiu &#8211; propus de USL pentru func\u0163ia de pre\u015fedinte al ICR &#8211; a absolvit, \u00een anul 1987, Facultatea de Filologie a Universit\u0103\u0163ii Bucure\u015fti.\u00a0Dup\u0103 patru ani de activitate didactic\u0103, el\u00a0s-a angajat, ca inspector de specialitate, \u00een Ministerul Educa\u0163iei, iar \u00een 1997 s-a transferat la Ministerul Ap\u0103r\u0103rii Na\u0163ionale, Direc\u0163ia Rela\u0163ii Publice.<\/p>\n<p data-index=\"6\">\u00cen anul 2001, a intrat, prin concurs, \u00een Corpul Diplomatic \u015fi Consular al Rom\u00e2niei, ob\u0163in\u00e2nd gradul diplomatic de secretar 1 \u00een Centrala Ministerului Afacerilor Externe.<\/p>\n<p data-index=\"7\">\u00cen toamna lui 2001, a \u00eenceput s\u0103 coordoneze activitatea Direc\u0163iei Arhive Diplomatice a MAE. \u00cen 2010, a ob\u0163inut titlul de doctor \u00een istorie. \u00cen prezent, el de\u0163ine titlul diplomatic de ministru consilier \u015fi este adjunct al ambasadorului Rom\u00e2niei pe l\u00e2ng\u0103 UNESCO la\u00a0Delega\u0163ia Permanent\u0103 a Rom\u00e2niei din Paris. \u00cen 2011, el \u015fi-a lansat cartea &#8220;Rela\u0163ii diplomatice rom\u00e2no-italiene. 1918 &#8211; 1940&#8221;, la editura Tritonic.<\/p>\n<p data-index=\"8\">Comisiile reunite pentru cultur\u0103 \u015fi politic\u0103 extern\u0103 din Senat au cerut, pe 17 iunie, revocarea lui\u00a0Andrei Marga din func\u0163ia de pre\u015fedinte al Institutului Cultural Rom\u00e2n (ICR), precum \u015fi a vicepre\u015fedin\u0163ilor Horia G\u00e2rbea \u015fi Vladimir Simon.<\/p>\n<p data-index=\"9\"><strong>Ulterior propunerii \u00eenaintate de comisiile pentru cultur\u0103 \u015fi politic\u0103 extern\u0103 Biroului Permanent al Senatului, Andrei Marga \u015fi-a prezentat demisia din func\u0163ia de pre\u015fedinte al Institutului Cultural Rom\u00e2n.<\/strong><\/p>\n<\/div>\n<p> Source URL: https:\/\/www.digi24.ro\/stiri\/actualitate\/politica\/lilian-zamfiroiu-votat-de-plenul-senatului-pentru-functia-de-presedinte-al-icr-85334<\/p>\n","protected":false},"excerpt":{"rendered":"<p>Actualizare 19.10.\u00a0Diplomatul Lilian Zamfiroiu a fost votat, mar\u0163i, de plenul Senatului \u00een func\u0163ia de pre\u015fedinte al Institutului Cultural Rom\u00e2n ( ICR), la propunerea grupului parlamentar PSD, cu 104 voturi \u201epentru\u201d \u015fi 24 de voturi \u201e\u00eempotriv\u0103\u201d. \u00centrebat dac\u0103 va p\u0103stra filialele ICR din Rom\u00e2nia, Lilian Zamfiroiu s-a ar\u0103tat rezervat. \u201eM\u0103 voi consulta cu cele dou\u0103 comisii [&hellip;]<\/p>\n","protected":false},"author":1,"featured_media":225572,"comment_status":"open","ping_status":"","sticky":false,"template":"","format":"standard","meta":{"footnotes":""},"categories":[2],"tags":[11],"class_list":["post-225571","post","type-post","status-publish","format-standard","has-post-thumbnail","hentry","category-politics","tag-digi24"],"_links":{"self":[{"href":"https:\/\/analyse.optim.biz\/index.php?rest_route=\/wp\/v2\/posts\/225571","targetHints":{"allow":["GET"]}}],"collection":[{"href":"https:\/\/analyse.optim.biz\/index.php?rest_route=\/wp\/v2\/posts"}],"about":[{"href":"https:\/\/analyse.optim.biz\/index.php?rest_route=\/wp\/v2\/types\/post"}],"author":[{"embeddable":true,"href":"https:\/\/analyse.optim.biz\/index.php?rest_route=\/wp\/v2\/users\/1"}],"replies":[{"embeddable":true,"href":"https:\/\/analyse.optim.biz\/index.php?rest_route=%2Fwp%2Fv2%2Fcomments&post=225571"}],"version-history":[{"count":0,"href":"https:\/\/analyse.optim.biz\/index.php?rest_route=\/wp\/v2\/posts\/225571\/revisions"}],"wp:featuredmedia":[{"embeddable":true,"href":"https:\/\/analyse.optim.biz\/index.php?rest_route=\/wp\/v2\/media\/225572"}],"wp:attachment":[{"href":"https:\/\/analyse.optim.biz\/index.php?rest_route=%2Fwp%2Fv2%2Fmedia&parent=225571"}],"wp:term":[{"taxonomy":"category","embeddable":true,"href":"https:\/\/analyse.optim.biz\/index.php?rest_route=%2Fwp%2Fv2%2Fcategories&post=225571"},{"taxonomy":"post_tag","embeddable":true,"href":"https:\/\/analyse.optim.biz\/index.php?rest_route=%2Fwp%2Fv2%2Ftags&post=225571"}],"curies":[{"name":"wp","href":"https:\/\/api.w.org\/{rel}","templated":true}]}}