{"id":225560,"date":"2013-06-25T21:56:21","date_gmt":"2013-06-25T18:56:21","guid":{"rendered":"https:\/\/analyse.optim.biz\/?p=225560"},"modified":"2013-06-25T21:56:21","modified_gmt":"2013-06-25T18:56:21","slug":"v-dancu-greseala-tine-de-modul-in-care-s-a-organizat-administratia-pentru-aceasta-criza-din-muntenegru","status":"publish","type":"post","link":"https:\/\/analyse.optim.biz\/?p=225560","title":{"rendered":"V. D\u00e2ncu: Gre\u0219eala \u021bine de modul \u00een care s-a organizat administra\u021bia pentru aceast\u0103 criza din Muntenegru"},"content":{"rendered":"<div class=\"entry data-app-meta data-app-meta-article\" data-embed-base-url-canonical=\"https:\/\/www.digi24.ro\/embed\/stiri\/actualitate\/politica\/v-dancu-greseala-tine-de-modul-in-care-s-a-organizat-administratia-pentru-aceasta-criza-din-muntenegru-85397\">\n<p data-index=\"1\">Comentariul lui Vasile D\u00e2ncu din cadrul \u201eJurnalului de sear\u0103\u201d de la Digi24 vine \u00een contextul \u00een care, diminea\u021b\u0103, premierul a anun\u021bat c\u0103 s-a \u00eencheiat identificarea deceda\u021bilor. Imediat, ambasadorul Rom\u00e2niei la Podgorica l-a contrazis. Spre sear\u0103, Raed Arafat a explicat c\u0103 au fost identifica\u021bi doar r\u0103ni\u021bii \u0219i c\u0103 singurul mod \u00een care pot fi adu\u0219i deceda\u021bii acas\u0103 este ca \u00een avion cu ei s\u0103 fie \u0219i doi medici legi\u0219ti muntenegreni. A fost condi\u021bia impus\u0103 de autorit\u0103\u021bile de la Podgorica. Identificarea va continua la IML cu concursul rudelor.<\/p>\n<p data-index=\"2\">La \u00eentrebarea \u201eDe ce s-a hazardat premierul s\u0103 fac\u0103 o astfel de declara\u021bie?\u201d, sociologul a apreciat c\u0103 \u201e\u00een astfel de situa\u021bii, premierul este prima victim\u0103, pentru c\u0103 premierul nu poate s\u0103 verifice\u201d.<\/p>\n<p data-index=\"3\"><strong><br \/><\/strong><\/p>\n<p data-index=\"4\"><strong>\u201ePremierul nu este legist, nu \u0219tie toate detaliile unui asemenea accident \u0219i este o victim\u0103 a structurilor pe care le conduce, care \u00eel informeaz\u0103. Premierul nu avea cum s\u0103 \u0219tie exact care este stadiul, a fost informat despre asta \u0219i \u021bine, p\u00e2n\u0103 la urm\u0103, de modul \u00een care func\u021bioneaz\u0103 administra\u021bia, cum func\u021bioneaz\u0103 Guvernul, departamentele, cum func\u021bioneaz\u0103 administra\u021bia noastr\u0103, asta e problema. Nu avea ce s\u0103 \u0219tie premierul, el este o victim\u0103 colateral\u0103, ca s\u0103 spunem a\u0219a, a acestui lucru\u201d<\/strong>, a comentat sociologul Vasile D\u00e2ncu.<\/p>\n<p data-index=\"5\"><strong>\u201eCred c\u0103 gre\u0219eala \u021bine de modul \u00een care s-a organizat administra\u021bia pentru aceast\u0103 criz\u0103\u201d<\/strong>, a declarat Vasile D\u00e2ncu. Sociologul a subliniat c\u0103 este necesar ca Celula de criz\u0103 s\u0103 \u00ee\u0219i stabileasc\u0103 unitar mesajele \u0219i s\u0103 existe doi oameni esen\u021biali care s\u0103 gestioneze comunicarea: cel care comunic\u0103 cu publicul, respectiv premierul sau ministrul de resort, \u0219i persoana care vorbe\u0219te permanent cu familiile victimelor \u0219i le \u021bine la curent.<\/p>\n<p data-index=\"6\"><strong>\u201eLa noi, din p\u0103cate, cu toat\u0103 bun\u0103voin\u021ba Guvernului, pentru c\u0103 s-a v\u0103zut ac\u021biune rapid\u0103 &#8211; Arafat a ajuns acolo, eu cred c\u0103 a comunicat foarte bine ambasadorul nostru de acolo (&#8230;), zic c\u0103 aceast\u0103 lips\u0103 de organizare a produs o serie de \u00eencurc\u0103turi, dar nu cred c\u0103 \u00eencurc\u0103turi esen\u021biale. E vorba aici de managementul consecin\u021belor, nu putem vorbi prea mult de managementul cauzelor care au dus la asta. Guvernul cred c\u0103 s-a achitat destul de bine din punctul de vedere a ceea ce a f\u0103cut, dar nu a comunicat perfect \u0219i asta s-a v\u0103zut \u0219i s-ar putea s\u0103 \u00eempieteze cumva asupra efectului\u201d<\/strong>, a afirmat Vasile D\u00e2ncu.<\/p>\n<p data-index=\"7\">Un autocar cu 47 de oameni la bord a c\u0103zut, duminic\u0103 dup\u0103-amiaz\u0103, \u00een canionul Moraca din Muntenegru. Bilan\u0163ul provizoriu al victimelor este de 19 mor\u0163i, dintre care 18 rom\u00e2ni.<\/p>\n<h6>M\u0103d\u0103lina Prundea<\/h6>\n<p data-index=\"8\"><strong>Citi\u021bi \u0219i:<\/strong><\/p>\n<p data-index=\"9\"><a href=\"https:\/\/www.digi24.ro\/stire\/Marturii-la-Digi24-Salvatorii-romanilor-din-Muntenegru-povestesc-despre-primele-clipe-ale-infernului_113223\" target=\"_blank\" data-skip-linkfix=\"1\" rel=\"noopener\"><strong>M\u0103rturii la Digi24. Salvatorii rom\u00e2nilor din Muntenegru povestesc despre primele clipe ale infernului<\/strong><\/a><\/p>\n<p data-index=\"10\"><a href=\"https:\/\/www.digi24.ro\/stire\/Accidentul-din-Muntenegru-Administratorul-Gregory-Tour-Soferul-era-profesionist-turistii-il-solicita_113167\" target=\"_blank\" data-skip-linkfix=\"1\" rel=\"noopener\"><strong>Accidentul din Muntenegru. Administratorul Gregory Tour: \u0218oferul era profesionist, turi\u0219tii \u00eel solicitau<\/strong><\/a><\/p>\n<p data-index=\"11\"><a href=\"https:\/\/www.digi24.ro\/stire\/Presa-muntenegreana-relateaza-despre-multumirile-din-Romania_113192\" target=\"_blank\" data-skip-linkfix=\"1\" rel=\"noopener\"><strong>Presa muntenegrean\u0103 relateaz\u0103 despre mul\u021bumirile din Rom\u00e2nia<\/strong><\/a><\/p>\n<p data-index=\"12\"><strong><a href=\"https:\/\/www.digi24.ro\/stire\/ANT-Agentia-care-a-organizat-excursia-in-Muntenegru-avea-licenta-de-turism-expirata_113208\" target=\"_blank\" data-skip-linkfix=\"1\" rel=\"noopener\">ANT: Agen\u021bia care a organizat excursia \u00een Muntenegru avea o licen\u021b\u0103 de turism expirat\u0103<\/a><\/strong><\/p>\n<p data-index=\"13\"><a href=\"https:\/\/www.digi24.ro\/stire\/PDL-cere-demisia-lui-Titus-Corlatean_113143\" target=\"_blank\" data-skip-linkfix=\"1\" rel=\"noopener\"><strong>PDL cere demisia lui Titus Corl\u0103\u021bean, pentru \u201eincompeten\u021b\u0103\u201d \u00een cazul accidentului din Muntenegru<\/strong><\/a><\/p>\n<p data-index=\"14\"><a href=\"https:\/\/www.digi24.ro\/stire\/Ambulantele-cu-raniti-au-sosit-pe-aeroportul-din-Podgorica_113127\" target=\"_blank\" data-skip-linkfix=\"1\" rel=\"noopener\"><strong><span>Ambulan\u021bele cu r\u0103ni\u021bi, pe aeroportul din Podgorica. Ministrul S\u0103n\u0103t\u0103\u021bii: Vom spune dac\u0103 avem nevoie de s\u00e2nge<\/span><\/strong><\/a><\/p>\n<p data-index=\"15\"><a href=\"https:\/\/www.digi24.ro\/stire\/Victimele-accidentului-din-Muntenegru-sunt-repatriate-Marturii-de-la-fata-locului-stangaciile_113028\" target=\"_blank\" data-skip-linkfix=\"1\" rel=\"noopener\"><strong>Accidentul din Muntenegru. 26 iunie, zi de doliu na\u021bional<\/strong><\/a><\/p>\n<p data-index=\"16\"><a href=\"https:\/\/www.digi24.ro\/stire\/Accidentul-din-Muntenegru-Unul-dintre-soferi-era-politist_113067\" target=\"_blank\" data-skip-linkfix=\"1\" rel=\"noopener\"><strong>Accident \u00een Muntenegru. Un \u0219ofer a murit, iar altul este \u00een stare grav\u0103. Unul dintre ei era poli\u021bist<\/strong><\/a><\/p>\n<p data-index=\"17\"><a href=\"https:\/\/www.digi24.ro\/stire\/Audieri-la-Parchetul-General-in-cazul-accidentului-din-Muntenegru_113099\" target=\"_blank\" data-skip-linkfix=\"1\" rel=\"noopener\"><strong>Audieri la Parchetul General \u00een cazul accidentului din Muntenegru<\/strong><\/a><\/p>\n<p data-index=\"18\"><a href=\"https:\/\/www.digi24.ro\/stire\/Accident-in-Muntenegru-Soferul-ar-fi-incercat-sa-evite-cativa-copii_113082\" target=\"_blank\" data-skip-linkfix=\"1\" rel=\"noopener\"><strong>Accident \u00een Muntenegru. \u0218oferul ar fi \u00eencercat s\u0103 evite c\u00e2\u021biva copii<\/strong><\/a><\/p>\n<p data-index=\"19\"><a href=\"https:\/\/www.digi24.ro\/stire\/Accident-in-Muntenegru-Guvernul-discuta-masurile-pentru-ajutorarea-familiilor-celor-decedati_113064\" target=\"_blank\" data-skip-linkfix=\"1\" rel=\"noopener\"><strong>Accident \u00een Muntenegru. Guvernul discut\u0103 m\u0103surile pentru ajutorarea familiilor celor deceda\u021bi<\/strong><\/a><\/p>\n<p data-index=\"20\"><a href=\"https:\/\/www.digi24.ro\/stire\/Ministrul-Corlatean-a-intarziat-la-conferinta-de-presa-din-Muntenegru-pentru-ca-acorda-un-interviu_112992\" target=\"_blank\" data-skip-linkfix=\"1\" rel=\"noopener\"><strong>Ministrul Corl\u0103\u021bean a \u00eent\u00e2rziat la conferin\u021ba de pres\u0103 din Muntenegru. Acorda un interviu unei televiziuni din Rom\u00e2nia<\/strong><\/a><\/p>\n<p data-index=\"21\"><a href=\"https:\/\/www.digi24.ro\/stire\/Emil-Hurezeanu-despre-reactiile-dupa-accidentul-din-Muntenegru-Avem-o-imagine-etatista_112988\" target=\"_blank\" data-skip-linkfix=\"1\" rel=\"noopener\"><strong>Emil Hurezeanu, despre reac\u021biile dup\u0103 accidentul din Muntenegru: \u201eAvem o imagine etatist\u0103\u201d<\/strong><\/a><\/p>\n<p data-index=\"22\"><a href=\"https:\/\/www.digi24.ro\/stire\/T-Corlatean-Autoritatile-din-Muntenegru-au-crezut-initial-ca-autocarul-este-din-Ucraina_112940\" target=\"_blank\" data-skip-linkfix=\"1\" rel=\"noopener\"><strong>T. Corl\u0103\u021bean: Ini\u021bial s-a crezut c\u0103 autocarul este din Ucraina. Poli\u021bia din Muntenegru \u00eel contrazice<\/strong><\/a><\/p>\n<p data-index=\"23\"><strong><a href=\"https:\/\/www.digi24.ro\/stire\/Tragedie-in-Muntenegru-18-persoane-intre-care-cel-putin-16-romani-au-murit-intr-un-accident-de_112792\" data-skip-linkfix=\"1\">Accidentul din Muntenegru. Num\u0103rul turi\u0219tilor deceda\u021bi a ajuns la 19. Patru persoane sunt \u00een stare critic\u0103<\/a><\/strong><\/p>\n<\/div>\n<p> Source URL: https:\/\/www.digi24.ro\/stiri\/actualitate\/politica\/v-dancu-greseala-tine-de-modul-in-care-s-a-organizat-administratia-pentru-aceasta-criza-din-muntenegru-85397<\/p>\n","protected":false},"excerpt":{"rendered":"<p>Comentariul lui Vasile D\u00e2ncu din cadrul \u201eJurnalului de sear\u0103\u201d de la Digi24 vine \u00een contextul \u00een care, diminea\u021b\u0103, premierul a anun\u021bat c\u0103 s-a \u00eencheiat identificarea deceda\u021bilor. Imediat, ambasadorul Rom\u00e2niei la Podgorica l-a contrazis. Spre sear\u0103, Raed Arafat a explicat c\u0103 au fost identifica\u021bi doar r\u0103ni\u021bii \u0219i c\u0103 singurul mod \u00een care pot fi adu\u0219i deceda\u021bii [&hellip;]<\/p>\n","protected":false},"author":1,"featured_media":225561,"comment_status":"open","ping_status":"","sticky":false,"template":"","format":"standard","meta":{"footnotes":""},"categories":[2],"tags":[11],"class_list":["post-225560","post","type-post","status-publish","format-standard","has-post-thumbnail","hentry","category-politics","tag-digi24"],"_links":{"self":[{"href":"https:\/\/analyse.optim.biz\/index.php?rest_route=\/wp\/v2\/posts\/225560","targetHints":{"allow":["GET"]}}],"collection":[{"href":"https:\/\/analyse.optim.biz\/index.php?rest_route=\/wp\/v2\/posts"}],"about":[{"href":"https:\/\/analyse.optim.biz\/index.php?rest_route=\/wp\/v2\/types\/post"}],"author":[{"embeddable":true,"href":"https:\/\/analyse.optim.biz\/index.php?rest_route=\/wp\/v2\/users\/1"}],"replies":[{"embeddable":true,"href":"https:\/\/analyse.optim.biz\/index.php?rest_route=%2Fwp%2Fv2%2Fcomments&post=225560"}],"version-history":[{"count":0,"href":"https:\/\/analyse.optim.biz\/index.php?rest_route=\/wp\/v2\/posts\/225560\/revisions"}],"wp:featuredmedia":[{"embeddable":true,"href":"https:\/\/analyse.optim.biz\/index.php?rest_route=\/wp\/v2\/media\/225561"}],"wp:attachment":[{"href":"https:\/\/analyse.optim.biz\/index.php?rest_route=%2Fwp%2Fv2%2Fmedia&parent=225560"}],"wp:term":[{"taxonomy":"category","embeddable":true,"href":"https:\/\/analyse.optim.biz\/index.php?rest_route=%2Fwp%2Fv2%2Fcategories&post=225560"},{"taxonomy":"post_tag","embeddable":true,"href":"https:\/\/analyse.optim.biz\/index.php?rest_route=%2Fwp%2Fv2%2Ftags&post=225560"}],"curies":[{"name":"wp","href":"https:\/\/api.w.org\/{rel}","templated":true}]}}