{"id":225548,"date":"2013-06-26T06:11:17","date_gmt":"2013-06-26T03:11:17","guid":{"rendered":"https:\/\/analyse.optim.biz\/?p=225548"},"modified":"2013-06-26T06:11:17","modified_gmt":"2013-06-26T03:11:17","slug":"curtea-constitutionala-a-decis-pragul-de-30-la-referendumuri-se-aplica-din-2014","status":"publish","type":"post","link":"https:\/\/analyse.optim.biz\/?p=225548","title":{"rendered":"Curtea Constitu\u0163ional\u0103 a decis: Pragul de 30% la referendumuri se aplic\u0103 din 2014"},"content":{"rendered":"<div class=\"entry data-app-meta data-app-meta-article\" data-embed-base-url-canonical=\"https:\/\/www.digi24.ro\/embed\/stiri\/actualitate\/politica\/curtea-constitutionala-a-decis-pragul-de-30-la-referendumuri-se-aplica-din-2014-85446\">\n<p data-index=\"1\"><img decoding=\"async\" src=\"https:\/\/analyse.optim.biz\/wp-content\/uploads\/2024\/09\/ad0wmzm1mtcwnde2mzfmzjfly2jjowm2yzm4nmzkodayna-thumb_.jpg\" data-skip-htmlfix=\"1\" title=\"ad0wmzm1mtcwnde2mzfmzjfly2jjowm2yzm4nmzkodayna-thumb_\">\u00a0<\/p>\n<p data-index=\"2\"><strong>ACTUALIZARE 16:15\u00a0<\/strong>Curtea Constitu\u0163ional\u0103 a respins sesizarea PDL.\u00a0<\/p>\n<p data-index=\"3\">&#8220;Curtea Constitu\u0163ional\u0103, cu majoritate de voturi, decide: respinge obiec\u0163ia de neconstitu\u0163ionalitate a dispozi\u0163iilor Legii pentru modificarea \u015fi completarea Legii nr. 3\/2000 privind organizarea \u015fi desf\u0103\u015furarea referendumului \u015fi constat\u0103 c\u0103 dispozi\u0163iile legii pentru modificarea \u015fi completarea Legii nr. 3\/2000 privind organizarea \u015fi desf\u0103\u015furarea referendumului sunt constitu\u0163ionale \u00een m\u0103sura \u00een care nu se aplic\u0103 referendumurilor organizate \u00een decurs de un an de la data intr\u0103rii \u00een vigoare a legii.&#8221;<\/p>\n<p data-index=\"4\">CC precizeaz\u0103 c\u0103 decizia este definitiv\u0103 \u015fi general obligatorie \u015fi se comunic\u0103 pre\u015fedintelui Rom\u00e2niei \u015fi se public\u0103 \u00een Monitorul Oficial, Partea I.<\/p>\n<p data-index=\"5\">Parlamentarii consider\u0103 c\u0103 p\u0103strarea pragului de 50% pentru validarea unui referendum care va fi organizat \u00een acest an va pune piedici proiectului de modificare a noii Constitu\u0163ii. C\u00e2t prive\u015fte referendumul convocat de pre\u015fedintele Traian B\u0103sescu, liderul PDL Vasile Blaga a anun\u0163at c\u0103 \u00een contextul noi decizii a Cur\u0163ii Constitu\u0163ionale \u00eei va \u00eendemna pe cet\u0103\u0163eni s\u0103 mearg\u0103 la vot.<\/p>\n<p data-index=\"6\">\u201e<strong>Indiferent de cine \u015fi cum \u00eemi spune va fi foarte greu pentru orice echip\u0103 politic\u0103 s\u0103 motiveze cet\u0103\u0163enii s\u0103 ias\u0103 la vot<\/strong>\u201d, a spus \u015fi pre\u015fedintele Camerei Deputa\u0163ilor, Valeriu Zgonea, dup\u0103 decizia CCR.<\/p>\n<p data-index=\"7\">\u201e<strong>\u015etim c\u0103 trebuie modificat\u0103 legea pentru c\u0103 istoria referendumurilor ne arat\u0103 \u00een toat\u0103 lumea, \u00een Europa cu prec\u0103dere, c\u0103 oamenii nu mai vin la vot. Astfel \u00eenc\u00e2t, a trece un prag de participare de 50 plus 1 din totalul electoratului e ca \u015fi cum ai anula din start orice referendum. Ce facem \u00een varianta \u00een care consult\u0103m popula\u0163ia pentru o anumit\u0103 problem\u0103, dar la vot vin 45% sau 35%?<\/strong>\u201d, a ad\u0103ugat senatorul PSD Toni Grebl\u0103.<\/p>\n<p data-index=\"8\">La r\u00e2ndul s\u0103u, liderul PDL, Vasile Blaga, a sus\u0163inut c\u0103 <strong>decizia de miercuri opre\u015fte masacrarea Constitu\u0163iei<\/strong>.<\/p>\n<hr>\n<p data-index=\"9\">Legea, care schimb\u0103 condi\u0163iile de validare a referendumurilor, a fost ini\u0163iat\u0103 de Partidul Na\u0163ional Liberal \u015fi Partidul Social Democrat, adoptat\u0103 de Parlament, \u015fi contestat\u0103 la Curtea Constitu\u0163ional\u0103 de Partidul Democrat Liberal.<\/p>\n<p data-index=\"10\">Propunerea PSD \u015fi PNL este ca refendumurile s\u0103 fie declarate valabile dac\u0103 la urne se prezint\u0103 cel pu\u0163in 30% dintre aleg\u0103torii \u00eenscri\u015fi pe listele electorale. Pentru ca acesta s\u0103 fie validat sunt necesare voturile a cel pu\u0163in 25% din totalul cet\u0103\u0163enilor cu drept de vot.<\/p>\n<p data-index=\"11\">Pre\u015fedintele Traian B\u0103sescu a declarat, \u00een urm\u0103 cu dou\u0103 s\u0103pt\u0103m\u00e2ni, c\u0103, dac\u0103 judec\u0103torii Cur\u0163ii Constitu\u0163ionale vor accepta diminuarea pragului de participare, aceast\u0103 nou\u0103 regul\u0103 trebuie s\u0103 se aplice \u015fi la\u00a0<strong><a href=\"https:\/\/www.digi24.ro\/Stiri\/Digi24\/Actualitate\/Politica\/Presedintele+Basescu+va+convoca+referendum+indiferent+de+prag\" target=\"_blank\" data-skip-linkfix=\"1\" rel=\"noopener\">referendumul pentru un parlament unicameral cu cel mult 300 de ale\u015fi<\/a><\/strong>.<\/p>\n<p data-index=\"12\">Dat fiind c\u0103 legea USL prime\u015fte acceptul CCR, pentru ca un referendum s\u0103 fie validat, la urne trebuie s\u0103 se prezinte \u00een jur de \u015fase milioane de rom\u00e2ni, \u00een loc de nou\u0103 milioane &#8211; c\u00e2t este necesar \u00een prezent.<\/p>\n<h5><span>Pe aceea\u015fi tem\u0103:<\/span><\/h5>\n<p data-index=\"13\"><strong><a href=\"https:\/\/www.digi24.ro\/Stiri\/Digi24\/Actualitate\/Politica\/Traian+Basescu+Nu+avem+gradul+de+maturitate+politica+pentru+a+va\" target=\"_blank\" data-skip-linkfix=\"1\" rel=\"noopener\">Traian B\u0103sescu: Nu avem gradul de maturitate politic\u0103 pentru a valida referendum cu prag sub 50%<\/a><\/strong><\/p>\n<p data-index=\"14\">\u00a0<\/p>\n<p data-index=\"15\"><strong><br \/><\/strong><\/p>\n<\/div>\n<p> Source URL: https:\/\/www.digi24.ro\/stiri\/actualitate\/politica\/curtea-constitutionala-a-decis-pragul-de-30-la-referendumuri-se-aplica-din-2014-85446<\/p>\n","protected":false},"excerpt":{"rendered":"<p>\u00a0 ACTUALIZARE 16:15\u00a0Curtea Constitu\u0163ional\u0103 a respins sesizarea PDL.\u00a0 &#8220;Curtea Constitu\u0163ional\u0103, cu majoritate de voturi, decide: respinge obiec\u0163ia de neconstitu\u0163ionalitate a dispozi\u0163iilor Legii pentru modificarea \u015fi completarea Legii nr. 3\/2000 privind organizarea \u015fi desf\u0103\u015furarea referendumului \u015fi constat\u0103 c\u0103 dispozi\u0163iile legii pentru modificarea \u015fi completarea Legii nr. 3\/2000 privind organizarea \u015fi desf\u0103\u015furarea referendumului sunt constitu\u0163ionale \u00een m\u0103sura [&hellip;]<\/p>\n","protected":false},"author":1,"featured_media":225549,"comment_status":"open","ping_status":"","sticky":false,"template":"","format":"standard","meta":{"footnotes":""},"categories":[2],"tags":[11],"class_list":["post-225548","post","type-post","status-publish","format-standard","has-post-thumbnail","hentry","category-politics","tag-digi24"],"_links":{"self":[{"href":"https:\/\/analyse.optim.biz\/index.php?rest_route=\/wp\/v2\/posts\/225548","targetHints":{"allow":["GET"]}}],"collection":[{"href":"https:\/\/analyse.optim.biz\/index.php?rest_route=\/wp\/v2\/posts"}],"about":[{"href":"https:\/\/analyse.optim.biz\/index.php?rest_route=\/wp\/v2\/types\/post"}],"author":[{"embeddable":true,"href":"https:\/\/analyse.optim.biz\/index.php?rest_route=\/wp\/v2\/users\/1"}],"replies":[{"embeddable":true,"href":"https:\/\/analyse.optim.biz\/index.php?rest_route=%2Fwp%2Fv2%2Fcomments&post=225548"}],"version-history":[{"count":0,"href":"https:\/\/analyse.optim.biz\/index.php?rest_route=\/wp\/v2\/posts\/225548\/revisions"}],"wp:featuredmedia":[{"embeddable":true,"href":"https:\/\/analyse.optim.biz\/index.php?rest_route=\/wp\/v2\/media\/225549"}],"wp:attachment":[{"href":"https:\/\/analyse.optim.biz\/index.php?rest_route=%2Fwp%2Fv2%2Fmedia&parent=225548"}],"wp:term":[{"taxonomy":"category","embeddable":true,"href":"https:\/\/analyse.optim.biz\/index.php?rest_route=%2Fwp%2Fv2%2Fcategories&post=225548"},{"taxonomy":"post_tag","embeddable":true,"href":"https:\/\/analyse.optim.biz\/index.php?rest_route=%2Fwp%2Fv2%2Ftags&post=225548"}],"curies":[{"name":"wp","href":"https:\/\/api.w.org\/{rel}","templated":true}]}}