{"id":225537,"date":"2013-06-26T12:56:38","date_gmt":"2013-06-26T09:56:38","guid":{"rendered":"https:\/\/analyse.optim.biz\/?p=225537"},"modified":"2013-06-26T12:56:38","modified_gmt":"2013-06-26T09:56:38","slug":"discutiile-pe-statutul-parlamentarilor-amanate-pentru-la-toamna","status":"publish","type":"post","link":"https:\/\/analyse.optim.biz\/?p=225537","title":{"rendered":"Discu\u021biile pe statutul parlamentarilor, am\u00e2nate pentru la toamn\u0103"},"content":{"rendered":"<div class=\"entry data-app-meta data-app-meta-article\" data-embed-base-url-canonical=\"https:\/\/www.digi24.ro\/embed\/stiri\/actualitate\/politica\/discutiile-pe-statutul-parlamentarilor-amanate-pentru-la-toamna-85591\">\n<p data-index=\"1\">De ieri era previzibil c\u0103 statulul parlamentarilor nu va fi discutat ast\u0103zi, iar ale\u0219ii s-au gr\u0103bit \u0219i au pus acest punct pe ordinea de zi, pentru c\u0103 nu exista o motivare a Cur\u021bii Constitu\u021bionale care s\u0103 \u00eenso\u021beasc\u0103 decizia astfel \u00eenc\u00e2t aceasta s\u0103 fie publicat\u0103 \u00een Monitorul Oficial.<\/p>\n<p data-index=\"2\">Cu alte cuvinte, parlamentarii nu aveau un act oficial pe care s\u0103 lucreze. Au existat consult\u0103ri \u00eentre parlamentari \u0219i au ajuns la concluzia c\u0103 pot s\u0103 modifice statutul, s\u0103-l pun\u0103 \u00een acord cu decizia judec\u0103torilor, f\u0103r\u0103 s\u0103 aib\u0103 un act oficial, ci doar pe baza hot\u0103r\u00e2rii anun\u021bate ini\u021bial de judec\u0103tori.<\/p>\n<p data-index=\"3\">P\u00e2n\u0103 la urm\u0103, parlamentarii au decis c\u0103 nu este sigur acest pas \u0219i c\u0103 ar fi bine s\u0103 respecte procedura.<\/p>\n<p data-index=\"4\">Consecin\u021bele acestei am\u00e2n\u0103ri permit \u00een continuare ale\u0219ilor privilegii costisitoare \u00een condi\u021biile \u00een care bugetul Camerei Deputa\u021bilor \u0219i al Senatului se vor termina \u00een cur\u00e2nd, dac\u0103 vor continua cheltuielile \u00een ritmul de acum.<\/p>\n<h5>Un statut promis de la \u00eenceputul sesiunii parlamentare<\/h5>\n<p data-index=\"5\">Parlamentarii nu au vrut s\u0103 mai a\u015ftepte motivarea Cur\u0163ii Constitu\u0163ionale \u00een aceast\u0103 cauz\u0103 \u015fi au vrut s\u0103 dea un vot pentru a putea pleca lini\u015fti\u0163i \u00een vacan\u0163\u0103. \u201e<strong>Av\u00e2nd \u00een vedere c\u0103 suntem \u015fi pe ultimii metri ai sesiunii, cred c\u0103 putem da acest vot \u015fi f\u0103r\u0103 motivare<\/strong>\u00a0(a CCR \u2013 n.red.)\u00a0<strong>pentru c\u0103 ceea ce conteaz\u0103 este decizia, solu\u0163ia<\/strong>\u201d, a declarat \u00een acest sens\u00a0<strong>Crin Antonescu<\/strong>, pre\u015fedintele Senatului.<\/p>\n<p data-index=\"6\">Pre\u015fedintele Camerei Deputa\u0163ilor,\u00a0<strong>Valeriu Zgonea<\/strong>, a atras aten\u0163ia c\u0103 absen\u0163a acestei legi nu permite Parlamentului s\u0103 reduc\u0103 din cheltuieli. \u201e<strong>Toate aceste am\u00e2n\u0103ri succesive se traduc prin cheltuieli suplimentare semnificative care ar fi fost eliminate \u00een situa\u0163ia \u00een care Statutul adoptat de Parlament ar fi intrat \u00een vigoare<\/strong>\u201d, a afirmat oficialul \u00eentr-un comunicat transmis imediat dup\u0103 verdictul Cur\u0163ii Constitu\u0163ionale din 19 iunie.<\/p>\n<p data-index=\"7\">Ale\u015fii trebuie s\u0103 scoat\u0103 din textul Statutului prevederea prin care\u00a0<span><strong>procurorii trebuie s\u0103 prezinte dovezi concrete, legale \u015fi temeinice legislativului atunci c\u00e2nd cer ridicarea imunit\u0103\u0163ii unui parlamentar sau a unui ministru care este \u015fi parlamentar<\/strong><\/span>. Prevederea a fost declarat\u0103 neconstitu\u0163ional\u0103, ca urmare a sesiz\u0103rii lui Traian B\u0103sescu.<\/p>\n<p data-index=\"8\">Timp de \u015fase luni, statutul ale\u015filor a fost plimbat \u00eentre Parlament, Curtea Constitu\u0163ional\u0103 \u015fi Pre\u015fedin\u0163ie. De fiecare dat\u0103, miza a fost protec\u0163ia parlamentarilor \u00een fa\u0163a legii. Noul document cuprinde \u015fi prevederi care mai taie din privilegiile materiale ale acestora. Astfel, cazarea gratuit\u0103 la hotel nu ar mai fi asigurat\u0103 de la buget, s-ar reduce num\u0103rul deplas\u0103rilor, dar \u015fi cantitatea de benzin\u0103 decontat\u0103 pentru autoturismele personale.<\/p>\n<\/div>\n<p> Source URL: https:\/\/www.digi24.ro\/stiri\/actualitate\/politica\/discutiile-pe-statutul-parlamentarilor-amanate-pentru-la-toamna-85591<\/p>\n","protected":false},"excerpt":{"rendered":"<p>De ieri era previzibil c\u0103 statulul parlamentarilor nu va fi discutat ast\u0103zi, iar ale\u0219ii s-au gr\u0103bit \u0219i au pus acest punct pe ordinea de zi, pentru c\u0103 nu exista o motivare a Cur\u021bii Constitu\u021bionale care s\u0103 \u00eenso\u021beasc\u0103 decizia astfel \u00eenc\u00e2t aceasta s\u0103 fie publicat\u0103 \u00een Monitorul Oficial. Cu alte cuvinte, parlamentarii nu aveau un act [&hellip;]<\/p>\n","protected":false},"author":1,"featured_media":225538,"comment_status":"open","ping_status":"","sticky":false,"template":"","format":"standard","meta":{"footnotes":""},"categories":[2],"tags":[11],"class_list":["post-225537","post","type-post","status-publish","format-standard","has-post-thumbnail","hentry","category-politics","tag-digi24"],"_links":{"self":[{"href":"https:\/\/analyse.optim.biz\/index.php?rest_route=\/wp\/v2\/posts\/225537","targetHints":{"allow":["GET"]}}],"collection":[{"href":"https:\/\/analyse.optim.biz\/index.php?rest_route=\/wp\/v2\/posts"}],"about":[{"href":"https:\/\/analyse.optim.biz\/index.php?rest_route=\/wp\/v2\/types\/post"}],"author":[{"embeddable":true,"href":"https:\/\/analyse.optim.biz\/index.php?rest_route=\/wp\/v2\/users\/1"}],"replies":[{"embeddable":true,"href":"https:\/\/analyse.optim.biz\/index.php?rest_route=%2Fwp%2Fv2%2Fcomments&post=225537"}],"version-history":[{"count":0,"href":"https:\/\/analyse.optim.biz\/index.php?rest_route=\/wp\/v2\/posts\/225537\/revisions"}],"wp:featuredmedia":[{"embeddable":true,"href":"https:\/\/analyse.optim.biz\/index.php?rest_route=\/wp\/v2\/media\/225538"}],"wp:attachment":[{"href":"https:\/\/analyse.optim.biz\/index.php?rest_route=%2Fwp%2Fv2%2Fmedia&parent=225537"}],"wp:term":[{"taxonomy":"category","embeddable":true,"href":"https:\/\/analyse.optim.biz\/index.php?rest_route=%2Fwp%2Fv2%2Fcategories&post=225537"},{"taxonomy":"post_tag","embeddable":true,"href":"https:\/\/analyse.optim.biz\/index.php?rest_route=%2Fwp%2Fv2%2Ftags&post=225537"}],"curies":[{"name":"wp","href":"https:\/\/api.w.org\/{rel}","templated":true}]}}