{"id":225297,"date":"2013-06-30T14:40:32","date_gmt":"2013-06-30T11:40:32","guid":{"rendered":"https:\/\/analyse.optim.biz\/?p=225297"},"modified":"2013-06-30T14:40:32","modified_gmt":"2013-06-30T11:40:32","slug":"foto-victor-ponta-in-vizita-in-china","status":"publish","type":"post","link":"https:\/\/analyse.optim.biz\/?p=225297","title":{"rendered":"FOTO. Victor Ponta, \u00een vizit\u0103 \u00een China"},"content":{"rendered":"<div class=\"entry data-app-meta data-app-meta-article\" data-embed-base-url-canonical=\"https:\/\/www.digi24.ro\/embed\/stiri\/actualitate\/politica\/foto-victor-ponta-in-vizita-in-china-87006\">\n<p data-index=\"1\"><img decoding=\"async\" src=\"https:\/\/analyse.optim.biz\/wp-content\/uploads\/2024\/09\/mza3yzgwmwq3ztiwmdgzzgm3odnlntkwzdrmotzhzq-thumb_.jpg\" data-skip-htmlfix=\"1\" title=\"mza3yzgwmwq3ztiwmdgzzgm3odnlntkwzdrmotzhzq-thumb_\"><\/p>\n<p data-index=\"2\">Cei doi oficiali au discutat despre rela\u0163iile comerciale dintre Rom\u00e2nia \u015fi Hong Kong \u015fi au transmis un mesaj de continuare a cooper\u0103rii.<\/p>\n<p data-index=\"3\">Totodat\u0103, premierul Victor Ponta a vizitat \u015fi turnul de televiziune din Macao, unde a avut o \u00eentrevedere cu directorul televiziunii.<\/p>\n<p data-index=\"4\"><img decoding=\"async\" src=\"https:\/\/analyse.optim.biz\/wp-content\/uploads\/2024\/09\/ptkwyjdhntmxyzyznja2odnlmmi0mzyynjrindkwmjg4-thumb_.jpg\" data-skip-htmlfix=\"1\" title=\"ptkwyjdhntmxyzyznja2odnlmmi0mzyynjrindkwmjg4-thumb_\"><\/p>\n<\/div>\n<p> Source URL: https:\/\/www.digi24.ro\/stiri\/actualitate\/politica\/foto-victor-ponta-in-vizita-in-china-87006<\/p>\n","protected":false},"excerpt":{"rendered":"<p>Cei doi oficiali au discutat despre rela\u0163iile comerciale dintre Rom\u00e2nia \u015fi Hong Kong \u015fi au transmis un mesaj de continuare a cooper\u0103rii. Totodat\u0103, premierul Victor Ponta a vizitat \u015fi turnul de televiziune din Macao, unde a avut o \u00eentrevedere cu directorul televiziunii. Source URL: https:\/\/www.digi24.ro\/stiri\/actualitate\/politica\/foto-victor-ponta-in-vizita-in-china-87006<\/p>\n","protected":false},"author":1,"featured_media":225298,"comment_status":"open","ping_status":"","sticky":false,"template":"","format":"standard","meta":{"footnotes":""},"categories":[2],"tags":[11],"class_list":["post-225297","post","type-post","status-publish","format-standard","has-post-thumbnail","hentry","category-politics","tag-digi24"],"_links":{"self":[{"href":"https:\/\/analyse.optim.biz\/index.php?rest_route=\/wp\/v2\/posts\/225297","targetHints":{"allow":["GET"]}}],"collection":[{"href":"https:\/\/analyse.optim.biz\/index.php?rest_route=\/wp\/v2\/posts"}],"about":[{"href":"https:\/\/analyse.optim.biz\/index.php?rest_route=\/wp\/v2\/types\/post"}],"author":[{"embeddable":true,"href":"https:\/\/analyse.optim.biz\/index.php?rest_route=\/wp\/v2\/users\/1"}],"replies":[{"embeddable":true,"href":"https:\/\/analyse.optim.biz\/index.php?rest_route=%2Fwp%2Fv2%2Fcomments&post=225297"}],"version-history":[{"count":0,"href":"https:\/\/analyse.optim.biz\/index.php?rest_route=\/wp\/v2\/posts\/225297\/revisions"}],"wp:featuredmedia":[{"embeddable":true,"href":"https:\/\/analyse.optim.biz\/index.php?rest_route=\/wp\/v2\/media\/225298"}],"wp:attachment":[{"href":"https:\/\/analyse.optim.biz\/index.php?rest_route=%2Fwp%2Fv2%2Fmedia&parent=225297"}],"wp:term":[{"taxonomy":"category","embeddable":true,"href":"https:\/\/analyse.optim.biz\/index.php?rest_route=%2Fwp%2Fv2%2Fcategories&post=225297"},{"taxonomy":"post_tag","embeddable":true,"href":"https:\/\/analyse.optim.biz\/index.php?rest_route=%2Fwp%2Fv2%2Ftags&post=225297"}],"curies":[{"name":"wp","href":"https:\/\/api.w.org\/{rel}","templated":true}]}}