{"id":225272,"date":"2013-06-30T21:40:35","date_gmt":"2013-06-30T18:40:35","guid":{"rendered":"https:\/\/analyse.optim.biz\/?p=225272"},"modified":"2013-06-30T21:40:35","modified_gmt":"2013-06-30T18:40:35","slug":"liviu-dragnea-nu-renunt-la-ideea-referendumului-in-octombrie","status":"publish","type":"post","link":"https:\/\/analyse.optim.biz\/?p=225272","title":{"rendered":"Liviu Dragnea: Nu renun\u0163 la ideea referendumului \u00een octombrie"},"content":{"rendered":"<div class=\"entry data-app-meta data-app-meta-article\" data-embed-base-url-canonical=\"https:\/\/www.digi24.ro\/embed\/stiri\/actualitate\/politica\/liviu-dragnea-nu-renunt-la-ideea-referendumului-in-octombrie-87167\">\n<p data-index=\"1\"><img decoding=\"async\" src=\"https:\/\/analyse.optim.biz\/wp-content\/uploads\/2024\/09\/n2yzmtllowu2ndi0zwjimte5ndgxmde5nge4zg-thumb_.jpg\" data-skip-htmlfix=\"1\" title=\"n2yzmtllowu2ndi0zwjimte5ndgxmde5nge4zg-thumb_\"><\/p>\n<p data-index=\"2\">Liviu Dragnea a subliniat,<a href=\"http:\/\/www.antena3.ro\/\" target=\"_blank\" data-skip-linkfix=\"1\" rel=\"noopener\">\u00a0la un post de televiziune<\/a>, c\u0103 revizuirea Constitu\u0163iei \u015fi regionalizarea sunt dou\u0103 proiecte majore pentru viitorul Rom\u00e2niei \u015fi de aceea nu este adeptul am\u00e2n\u0103rii acestor proceduri.<\/p>\n<p data-index=\"3\">\u00centrebat dac\u0103 ia \u00een calcul organizarea unui referendum care s\u0103 se \u00eentind\u0103 pe dou\u0103 zile, Liviu Dragnea a r\u0103spuns: \u201ePoate s\u0103 dureze \u015fi trei zile\u201d, potrivit Mediafax.<\/p>\n<p data-index=\"4\">El a ad\u0103ugat c\u0103, \u00een contextul \u00een care pragul electoral r\u0103m\u00e2ne la 50%, exist\u0103 o decizie a CCR de anul trecut \u201ecare ne spune c\u0103 referendumul se poate organizat \u00een mai multe zile\u201d.<\/p>\n<p data-index=\"5\">Modificarea Legii referendumului prin care se reduce la 30% pragul la referendum este constitu\u0163ional\u0103 \u00een m\u0103sura \u00een care nu se aplic\u0103 referendumurilor organizate \u00een decurs de un an de la data intr\u0103rii \u00een vigoare a legii, a decis, miercuri, Curtea Constitu\u021bional\u0103.<\/p>\n<p data-index=\"6\"><a href=\"https:\/\/www.digi24.ro\/Stiri\/Digi24\/Actualitate\/Politica\/EXCLUSIV+Victor+Ponta+Noua+Constitutie+si+regionalizarea+ar+pute\" target=\"_blank\" data-skip-linkfix=\"1\" rel=\"noopener\">Premierul Victor Ponta declarat vineri la Digi24<\/a>\u00a0c\u0103 noua Constitu\u021bie \u0219i regionalizarea ar putea fi am\u00e2nate cu un an, dup\u0103 decizia Cur\u021bii Constitu\u021bionale<\/p>\n<p data-index=\"7\"><a href=\"https:\/\/www.digi24.ro\/Stiri\/Digi24\/Actualitate\/Politica\/C+Antonescu+Noi+ne+respectam+angajamentul+chiar+daca+va+fi+vorba\" target=\"_blank\" data-skip-linkfix=\"1\" rel=\"noopener\">Pre\u0219edintele PNL, Crin Antonescu, a spus la r\u00e2ndul\u00a0<\/a>s\u0103u c\u0103 USL va avea o reuniune \u00een cadrul c\u0103reia se va lua o decizie oficial\u0103 privind posibilitatea de am\u00e2nare a revizuirii Constitu\u021biei.\u00a0<\/p>\n<\/div>\n<p> Source URL: https:\/\/www.digi24.ro\/stiri\/actualitate\/politica\/liviu-dragnea-nu-renunt-la-ideea-referendumului-in-octombrie-87167<\/p>\n","protected":false},"excerpt":{"rendered":"<p>Liviu Dragnea a subliniat,\u00a0la un post de televiziune, c\u0103 revizuirea Constitu\u0163iei \u015fi regionalizarea sunt dou\u0103 proiecte majore pentru viitorul Rom\u00e2niei \u015fi de aceea nu este adeptul am\u00e2n\u0103rii acestor proceduri. \u00centrebat dac\u0103 ia \u00een calcul organizarea unui referendum care s\u0103 se \u00eentind\u0103 pe dou\u0103 zile, Liviu Dragnea a r\u0103spuns: \u201ePoate s\u0103 dureze \u015fi trei zile\u201d, potrivit [&hellip;]<\/p>\n","protected":false},"author":1,"featured_media":225273,"comment_status":"open","ping_status":"","sticky":false,"template":"","format":"standard","meta":{"footnotes":""},"categories":[2],"tags":[11],"class_list":["post-225272","post","type-post","status-publish","format-standard","has-post-thumbnail","hentry","category-politics","tag-digi24"],"_links":{"self":[{"href":"https:\/\/analyse.optim.biz\/index.php?rest_route=\/wp\/v2\/posts\/225272","targetHints":{"allow":["GET"]}}],"collection":[{"href":"https:\/\/analyse.optim.biz\/index.php?rest_route=\/wp\/v2\/posts"}],"about":[{"href":"https:\/\/analyse.optim.biz\/index.php?rest_route=\/wp\/v2\/types\/post"}],"author":[{"embeddable":true,"href":"https:\/\/analyse.optim.biz\/index.php?rest_route=\/wp\/v2\/users\/1"}],"replies":[{"embeddable":true,"href":"https:\/\/analyse.optim.biz\/index.php?rest_route=%2Fwp%2Fv2%2Fcomments&post=225272"}],"version-history":[{"count":0,"href":"https:\/\/analyse.optim.biz\/index.php?rest_route=\/wp\/v2\/posts\/225272\/revisions"}],"wp:featuredmedia":[{"embeddable":true,"href":"https:\/\/analyse.optim.biz\/index.php?rest_route=\/wp\/v2\/media\/225273"}],"wp:attachment":[{"href":"https:\/\/analyse.optim.biz\/index.php?rest_route=%2Fwp%2Fv2%2Fmedia&parent=225272"}],"wp:term":[{"taxonomy":"category","embeddable":true,"href":"https:\/\/analyse.optim.biz\/index.php?rest_route=%2Fwp%2Fv2%2Fcategories&post=225272"},{"taxonomy":"post_tag","embeddable":true,"href":"https:\/\/analyse.optim.biz\/index.php?rest_route=%2Fwp%2Fv2%2Ftags&post=225272"}],"curies":[{"name":"wp","href":"https:\/\/api.w.org\/{rel}","templated":true}]}}