{"id":225239,"date":"2013-07-01T15:48:31","date_gmt":"2013-07-01T12:48:31","guid":{"rendered":"https:\/\/analyse.optim.biz\/?p=225239"},"modified":"2013-07-01T15:48:31","modified_gmt":"2013-07-01T12:48:31","slug":"referendum-pdl-refuza-solutia-usl","status":"publish","type":"post","link":"https:\/\/analyse.optim.biz\/?p=225239","title":{"rendered":"Referendum. PDL refuz\u0103 solu\u021bia USL"},"content":{"rendered":"<div class=\"entry data-app-meta data-app-meta-article\" data-embed-base-url-canonical=\"https:\/\/www.digi24.ro\/embed\/stiri\/actualitate\/politica\/referendum-pdl-refuza-solutia-usl-87373\">\n<p data-index=\"1\">Mai mult, democrat-liberalii au semnalat Comisiei de la Vene\u0163ia articolele din proiectul de revizuire a Constitu\u0163iei care li se par abuzive. Unul dintre acestea este cel prin care Parlamentul se define\u015fte ca forul suprem de dezbatere \u015fI decizie.<\/p>\n<p data-index=\"2\">\u00centrebat despre inten\u021bia USL de a prelungi referendumul pe dou\u0103 sau trei zile, liderul PDL Vasile Blaga a spus ironic c\u0103 vor fi probabil dou\u0103-trei nop\u021bi. \u201eC\u0103 aici sunt speciali\u0219ti cei de la USL, c\u0103 noaptea se pot \u00eent\u00e2mpla multe\u201d, a explicat pre\u0219edintele PDL. \u201e\u0218tiu c\u0103 nu au fost de acord cu comasarea alegerilor. De ce s\u0103 coma\u0103am un referendum a unui pre\u0219edinte care nu mai are atribu\u021bii?\u201d, a ad\u0103ugat Vasile Blaga.<\/p>\n<p data-index=\"3\">Vicepremierul \u015fi ministrul Dezvoltarii,\u00a0<a href=\"https:\/\/www.digi24.ro\/Stiri\/Digi24\/Actualitate\/Politica\/Liviu+Dragnea+Nu+renunt+la+ideea+referendumului+in+octombrie\" target=\"_blank\" data-skip-linkfix=\"1\" rel=\"noopener\"><strong>Liviu Dragnea a declarat<\/strong><\/a>,\u00a0duminic\u0103, la un post de televiziune, c\u0103 nu renun\u0163\u0103, ca urmare a deciziei Cur\u021bii Constitu\u021bionale privind pragul electoral la referendum, la ideea consult\u0103rii populare \u00een octombrie, men\u0163ion\u00e2nd c\u0103 aceasta ar putea s\u0103 dureze trei zile.<\/p>\n<p data-index=\"4\">Modificarea Legii referendumului prin care se reduce la 30% pragul la referendum este constitu\u0163ional\u0103 \u00een m\u0103sura \u00een care nu se aplic\u0103 referendumurilor organizate \u00een decurs de un an de la data intr\u0103rii \u00een vigoare a legii, a decis, miercuri, CC.<\/p>\n<p data-index=\"5\">Liderul PNL\u00a0<a href=\"https:\/\/www.digi24.ro\/Stiri\/Digi24\/Actualitate\/Politica\/C+Antonescu+Noi+ne+respectam+angajamentul+chiar+daca+va+fi+vorba\" target=\"_blank\" data-skip-linkfix=\"1\" rel=\"noopener\"><strong>Crin Antonescu a declarat<\/strong><\/a>\u00a0c\u0103 o decizie privind momentul referendumului pentru revizuirea Constitu\u0163iei, dup\u0103 decizia de miercuri a CC, va fi luat\u0103 \u00een USL. Sunt luate \u00een calcul toate variantele, inclusiv am\u00e2narea pentru anul viitor, chiar \u015fi odat\u0103 cu alegerile preziden\u0163iale, a spus copre\u0219edintele USL.<\/p>\n<\/div>\n<p> Source URL: https:\/\/www.digi24.ro\/stiri\/actualitate\/politica\/referendum-pdl-refuza-solutia-usl-87373<\/p>\n","protected":false},"excerpt":{"rendered":"<p>Mai mult, democrat-liberalii au semnalat Comisiei de la Vene\u0163ia articolele din proiectul de revizuire a Constitu\u0163iei care li se par abuzive. Unul dintre acestea este cel prin care Parlamentul se define\u015fte ca forul suprem de dezbatere \u015fI decizie. \u00centrebat despre inten\u021bia USL de a prelungi referendumul pe dou\u0103 sau trei zile, liderul PDL Vasile Blaga [&hellip;]<\/p>\n","protected":false},"author":1,"featured_media":225240,"comment_status":"open","ping_status":"","sticky":false,"template":"","format":"standard","meta":{"footnotes":""},"categories":[2],"tags":[11],"class_list":["post-225239","post","type-post","status-publish","format-standard","has-post-thumbnail","hentry","category-politics","tag-digi24"],"_links":{"self":[{"href":"https:\/\/analyse.optim.biz\/index.php?rest_route=\/wp\/v2\/posts\/225239","targetHints":{"allow":["GET"]}}],"collection":[{"href":"https:\/\/analyse.optim.biz\/index.php?rest_route=\/wp\/v2\/posts"}],"about":[{"href":"https:\/\/analyse.optim.biz\/index.php?rest_route=\/wp\/v2\/types\/post"}],"author":[{"embeddable":true,"href":"https:\/\/analyse.optim.biz\/index.php?rest_route=\/wp\/v2\/users\/1"}],"replies":[{"embeddable":true,"href":"https:\/\/analyse.optim.biz\/index.php?rest_route=%2Fwp%2Fv2%2Fcomments&post=225239"}],"version-history":[{"count":0,"href":"https:\/\/analyse.optim.biz\/index.php?rest_route=\/wp\/v2\/posts\/225239\/revisions"}],"wp:featuredmedia":[{"embeddable":true,"href":"https:\/\/analyse.optim.biz\/index.php?rest_route=\/wp\/v2\/media\/225240"}],"wp:attachment":[{"href":"https:\/\/analyse.optim.biz\/index.php?rest_route=%2Fwp%2Fv2%2Fmedia&parent=225239"}],"wp:term":[{"taxonomy":"category","embeddable":true,"href":"https:\/\/analyse.optim.biz\/index.php?rest_route=%2Fwp%2Fv2%2Fcategories&post=225239"},{"taxonomy":"post_tag","embeddable":true,"href":"https:\/\/analyse.optim.biz\/index.php?rest_route=%2Fwp%2Fv2%2Ftags&post=225239"}],"curies":[{"name":"wp","href":"https:\/\/api.w.org\/{rel}","templated":true}]}}