{"id":225225,"date":"2013-07-01T20:54:46","date_gmt":"2013-07-01T17:54:46","guid":{"rendered":"https:\/\/analyse.optim.biz\/?p=225225"},"modified":"2013-07-01T20:54:46","modified_gmt":"2013-07-01T17:54:46","slug":"victor-ponta-insista-pe-amanarea-referendumului-pentru-constitutie","status":"publish","type":"post","link":"https:\/\/analyse.optim.biz\/?p=225225","title":{"rendered":"Victor Ponta insist\u0103 pe am\u00e2narea referendumului pentru Constitu\u021bie"},"content":{"rendered":"<div class=\"entry data-app-meta data-app-meta-article\" data-embed-base-url-canonical=\"https:\/\/www.digi24.ro\/embed\/stiri\/actualitate\/politica\/victor-ponta-insista-pe-amanarea-referendumului-pentru-constitutie-87477\">\n<p data-index=\"1\"><a href=\"https:\/\/www.digi24.ro\/stire\/Liviu-Dragnea-Nu-renunt-la-ideea-referendumului-in-octombrie_114383\" target=\"_blank\" data-skip-linkfix=\"1\" rel=\"noopener\">Liviu Dragnea a declarat zilele trecute c\u0103 nu renun\u0163\u0103 la ideea consult\u0103rii populare \u00een octombrie<\/a>, \u00een urma deciziei Cur\u021bii Constitu\u021bionale privind pragul electoral la referendum, iar consultarea ar putea dura trei zile.<\/p>\n<p data-index=\"2\">\u201eE o posibilitate. O s\u0103 decidem \u00een Bucure\u0219ti. Discut\u0103m \u0219i \u00een USL \u0219i cu celelalte grupuri politice. E o posibilitate, nu e sigur, pentru c\u0103 sigur, Dragnea are \u00een minte un lucru care ar fi fost foarte bun, s\u0103 avem regiunile p\u00e2n\u0103 la 1 ianuarie 2014. Atunci \u00eencepe exerci\u021biul financiar al UE \u0219i ne-ar fi prins bine, \u00eens\u0103 nu \u0219tiu daca vom face acest lucru. Eventual putem lua \u00een calcul \u0219i o alt\u0103 dat\u0103 pentru referendum, inclusiv primul tur al preziden\u021bialelor din 2014. Sper ca PDL s\u0103 nu boicoteze primul tur. Dac\u0103 \u00eel boicoteaz\u0103, treaba lor\u201d, a declarat Victor Ponta.<\/p>\n<p data-index=\"3\">Premierul a spus c\u0103 a vorbit \u00een fiecare zi la telefon cu Liviu Dragnea.<\/p>\n<p data-index=\"4\">\u00centrebat dac\u0103 nu se atinge pragul de 30% nici \u00een trei zile, Victor Ponta a afirmat c\u0103 sunt \u0219asne minci s\u0103 se \u00eent\u00e2mple astfel.<\/p>\n<p data-index=\"5\">\u201eCred c\u0103 sunt \u0219anse foarte mici. Trei zile probabil c\u0103 e exagerat, dar de principiu sunt \u0219anse mici, o singur\u0103 dat\u0103 \u00een democra\u021bia rom\u00e2neasc\u0103 s-a trecut un referendum, cel din 2003, pentru c\u0103, s\u0103 nu uit\u0103m, cel al pre\u0219edintelui Rom\u00e2niei, pe care \u00eel invoc\u0103 a fost la primul tur al preziden\u021bialelor\u201d, a mai spus Ponta.<\/p>\n<p data-index=\"6\">Premierul Victor Ponta, aflat \u00een aceste zile \u00eentr-o vizit\u0103 oficial\u0103 \u00een Asia, a declarat vineri, prin telefon la Digi24, c\u0103\u00a0<a href=\"https:\/\/www.digi24.ro\/stire\/Victor-Ponta-Noua-Constitutie-se-amana_114019\" data-skip-linkfix=\"1\">noua Constitu\u021bie \u0219i regionalizarea ar putea fi am\u00e2nate<\/a>. Curtea Constitu\u021bional\u0103 a dat zilele trecute decizia privind cvorumul de 30% la referendum, care \u00eens\u0103 nu va putea fi aplicat dec\u00e2t anul viitor. Astfel, la referendumul pentru validarea Constitu\u021biei, ar trebui \u00een continuare s\u0103 vin\u0103 50%+1 din popula\u021bie, dac\u0103 ar avea loc \u00een acest an.\u00a0<\/p>\n<\/div>\n<p> Source URL: https:\/\/www.digi24.ro\/stiri\/actualitate\/politica\/victor-ponta-insista-pe-amanarea-referendumului-pentru-constitutie-87477<\/p>\n","protected":false},"excerpt":{"rendered":"<p>Liviu Dragnea a declarat zilele trecute c\u0103 nu renun\u0163\u0103 la ideea consult\u0103rii populare \u00een octombrie, \u00een urma deciziei Cur\u021bii Constitu\u021bionale privind pragul electoral la referendum, iar consultarea ar putea dura trei zile. \u201eE o posibilitate. O s\u0103 decidem \u00een Bucure\u0219ti. Discut\u0103m \u0219i \u00een USL \u0219i cu celelalte grupuri politice. E o posibilitate, nu e sigur, [&hellip;]<\/p>\n","protected":false},"author":1,"featured_media":225226,"comment_status":"open","ping_status":"","sticky":false,"template":"","format":"standard","meta":{"footnotes":""},"categories":[2],"tags":[11],"class_list":["post-225225","post","type-post","status-publish","format-standard","has-post-thumbnail","hentry","category-politics","tag-digi24"],"_links":{"self":[{"href":"https:\/\/analyse.optim.biz\/index.php?rest_route=\/wp\/v2\/posts\/225225","targetHints":{"allow":["GET"]}}],"collection":[{"href":"https:\/\/analyse.optim.biz\/index.php?rest_route=\/wp\/v2\/posts"}],"about":[{"href":"https:\/\/analyse.optim.biz\/index.php?rest_route=\/wp\/v2\/types\/post"}],"author":[{"embeddable":true,"href":"https:\/\/analyse.optim.biz\/index.php?rest_route=\/wp\/v2\/users\/1"}],"replies":[{"embeddable":true,"href":"https:\/\/analyse.optim.biz\/index.php?rest_route=%2Fwp%2Fv2%2Fcomments&post=225225"}],"version-history":[{"count":0,"href":"https:\/\/analyse.optim.biz\/index.php?rest_route=\/wp\/v2\/posts\/225225\/revisions"}],"wp:featuredmedia":[{"embeddable":true,"href":"https:\/\/analyse.optim.biz\/index.php?rest_route=\/wp\/v2\/media\/225226"}],"wp:attachment":[{"href":"https:\/\/analyse.optim.biz\/index.php?rest_route=%2Fwp%2Fv2%2Fmedia&parent=225225"}],"wp:term":[{"taxonomy":"category","embeddable":true,"href":"https:\/\/analyse.optim.biz\/index.php?rest_route=%2Fwp%2Fv2%2Fcategories&post=225225"},{"taxonomy":"post_tag","embeddable":true,"href":"https:\/\/analyse.optim.biz\/index.php?rest_route=%2Fwp%2Fv2%2Ftags&post=225225"}],"curies":[{"name":"wp","href":"https:\/\/api.w.org\/{rel}","templated":true}]}}