{"id":225197,"date":"2013-07-01T23:07:26","date_gmt":"2013-07-01T20:07:26","guid":{"rendered":"https:\/\/analyse.optim.biz\/?p=225197"},"modified":"2013-07-01T23:07:26","modified_gmt":"2013-07-01T20:07:26","slug":"d-ciolos-nu-ne-a-obligat-nimeni-sa-intram-in-ue-dar-odata-ce-ai-facut-o-poti-sa-ti-o-asumi-pana-la-capat","status":"publish","type":"post","link":"https:\/\/analyse.optim.biz\/?p=225197","title":{"rendered":"D. Ciolo\u015f: Nu ne-a obligat nimeni s\u0103 intr\u0103m \u00een UE dar, odat\u0103 ce ai f\u0103cut-o, po\u0163i s\u0103 \u0163i-o asumi p\u00e2n\u0103 la cap\u0103t"},"content":{"rendered":"<div class=\"entry data-app-meta data-app-meta-article\" data-embed-base-url-canonical=\"https:\/\/www.digi24.ro\/embed\/stiri\/actualitate\/politica\/d-ciolos-nu-ne-a-obligat-nimeni-sa-intram-in-ue-dar-odata-ce-ai-facut-o-poti-sa-ti-o-asumi-pana-la-capat-87498\">\n<p data-index=\"1\">\u201eEuropa e un plus fa\u0163\u0103 de a fi rom\u00e2n. Am \u015fansa s\u0103 am un portofoliu care reflect\u0103 foarte bine acest lucru. Cred c\u0103 e o imagine \u00een miniatur\u0103 a ceea ce ar trebui s\u0103 fie abordare european\u0103 \u00een sens mai larg, s\u0103 g\u0103sim gradul de complementaritate \u00eentre ce e mai bine s\u0103 fie f\u0103cut la nivel european \u015fi ce e mai bine la nivel na\u0163ional. (&#8230;) At\u00e2t timp c\u00e2t continu\u0103m cu ideea &lt;noi din Rom\u00e2nia, voi din Uniunea European\u0103&gt;, aliment\u0103m faptul c\u0103 noi avem o rela\u0163ie cu UE dar nu suntem \u00een UE, punem barier\u0103 \u00eentre cele dou\u0103\u201d, a declarat Dacian Ciolo\u015f.<\/p>\n<p data-index=\"2\">Potrivit comisarului pentru agricultur\u0103, cu acest tip de discurs, cei care pierd cei mai mult sunt tot rom\u00e2nii: \u201eNu ne-a obligat nimeni s\u0103 intr\u0103m \u00een UE dar, odat\u0103 ce ai f\u0103cut-o, po\u0163i s\u0103 \u0163i-o asumi p\u00e2n\u0103 la cap\u0103t. Ai doza de europenism pe care \u0163i-o asumi f\u0103r\u0103 s\u0103 renun\u0163i la identitatea na\u0163ional\u0103, at\u00e2t timp c\u00e2t stai doar \u00een defensiv\u0103 o s\u0103 r\u0103m\u00e2i izolat pentru c\u0103 te autoizolezi. Abia \u00een momentul \u00een care \u00ee\u0163i vei asuma identitatea european\u0103 vei putea s\u0103-\u0163i valorifici identitatea ta de rom\u00e2n. Nu \u015ftiu dac\u0103 rom\u00e2nii sunt mai complexa\u0163i, dar am impresia c\u0103 ne aliment\u0103m noi \u00een\u015fine acest complex. Nu ne asum\u0103m pe deplin ceea ce suntem cu bunele \u015fi cu relele\u201d.<\/p>\n<p data-index=\"3\">Dacian Ciolo\u015f a subliniat c\u0103 \u00eendep\u0103rtarea de Europa a avut la baz\u0103 situa\u0163ia economic\u0103, criza, dar c\u0103 trebuie v\u0103zute plusurile pe care UE \u00eel aduce.<\/p>\n<p data-index=\"4\">\u201eEste o \u00eendep\u0103rtare de o Europ\u0103 care a fost doar in proiec\u0163ia lor. Nu s-a f\u0103cut un efort suficient pentru ca ea s\u0103 fie trait\u0103. Sunt pu\u0163ine ocazii \u00een care s\u0103 vezi plusul pe care \u00eel aduce UE. Vezi doar lucrurile negative. Nu din cauza euro a ap\u0103rut criza, ci pentru c\u0103 euro a fost sl\u0103bit din cauza politicilor bugetare pe care au avut-o \u00een state membre. Nu cred c\u0103 aceast\u0103 \u00eembun\u0103t\u0103\u0163ire a construc\u0163iei europene se va face f\u0103r\u0103 s\u0103 refacem leg\u0103tura cu europenii de la baz\u0103\u201d, a subliniat Dacian Ciolo\u015f.<\/p>\n<\/div>\n<p> Source URL: https:\/\/www.digi24.ro\/stiri\/actualitate\/politica\/d-ciolos-nu-ne-a-obligat-nimeni-sa-intram-in-ue-dar-odata-ce-ai-facut-o-poti-sa-ti-o-asumi-pana-la-capat-87498<\/p>\n","protected":false},"excerpt":{"rendered":"<p>\u201eEuropa e un plus fa\u0163\u0103 de a fi rom\u00e2n. Am \u015fansa s\u0103 am un portofoliu care reflect\u0103 foarte bine acest lucru. Cred c\u0103 e o imagine \u00een miniatur\u0103 a ceea ce ar trebui s\u0103 fie abordare european\u0103 \u00een sens mai larg, s\u0103 g\u0103sim gradul de complementaritate \u00eentre ce e mai bine s\u0103 fie f\u0103cut la [&hellip;]<\/p>\n","protected":false},"author":1,"featured_media":225198,"comment_status":"open","ping_status":"","sticky":false,"template":"","format":"standard","meta":{"footnotes":""},"categories":[2],"tags":[11],"class_list":["post-225197","post","type-post","status-publish","format-standard","has-post-thumbnail","hentry","category-politics","tag-digi24"],"_links":{"self":[{"href":"https:\/\/analyse.optim.biz\/index.php?rest_route=\/wp\/v2\/posts\/225197","targetHints":{"allow":["GET"]}}],"collection":[{"href":"https:\/\/analyse.optim.biz\/index.php?rest_route=\/wp\/v2\/posts"}],"about":[{"href":"https:\/\/analyse.optim.biz\/index.php?rest_route=\/wp\/v2\/types\/post"}],"author":[{"embeddable":true,"href":"https:\/\/analyse.optim.biz\/index.php?rest_route=\/wp\/v2\/users\/1"}],"replies":[{"embeddable":true,"href":"https:\/\/analyse.optim.biz\/index.php?rest_route=%2Fwp%2Fv2%2Fcomments&post=225197"}],"version-history":[{"count":0,"href":"https:\/\/analyse.optim.biz\/index.php?rest_route=\/wp\/v2\/posts\/225197\/revisions"}],"wp:featuredmedia":[{"embeddable":true,"href":"https:\/\/analyse.optim.biz\/index.php?rest_route=\/wp\/v2\/media\/225198"}],"wp:attachment":[{"href":"https:\/\/analyse.optim.biz\/index.php?rest_route=%2Fwp%2Fv2%2Fmedia&parent=225197"}],"wp:term":[{"taxonomy":"category","embeddable":true,"href":"https:\/\/analyse.optim.biz\/index.php?rest_route=%2Fwp%2Fv2%2Fcategories&post=225197"},{"taxonomy":"post_tag","embeddable":true,"href":"https:\/\/analyse.optim.biz\/index.php?rest_route=%2Fwp%2Fv2%2Ftags&post=225197"}],"curies":[{"name":"wp","href":"https:\/\/api.w.org\/{rel}","templated":true}]}}