{"id":224916,"date":"2013-07-08T11:56:38","date_gmt":"2013-07-08T08:56:38","guid":{"rendered":"https:\/\/analyse.optim.biz\/?p=224916"},"modified":"2013-07-08T11:56:38","modified_gmt":"2013-07-08T08:56:38","slug":"numar-record-de-ordonante-de-urgenta-pentru-cabinetul-ponta","status":"publish","type":"post","link":"https:\/\/analyse.optim.biz\/?p=224916","title":{"rendered":"Num\u0103r-record de ordonan\u021be de urgen\u021b\u0103 pentru Cabinetul Ponta"},"content":{"rendered":"<div class=\"entry data-app-meta data-app-meta-article\" data-embed-base-url-canonical=\"https:\/\/www.digi24.ro\/embed\/stiri\/actualitate\/politica\/numar-record-de-ordonante-de-urgenta-pentru-cabinetul-ponta-89796\">\n<p data-index=\"1\">Num\u0103rul mare al actelor normative adoptate \u00een regim de urgen\u0163\u0103 este cu at\u00e2t mai greu de explicat cu c\u00e2t actuala coali\u0163ie de guvernare de\u0163ine 70% din suportul Parlamentului. A\u015fadar, multe dintre aceste ordonan\u0163e puteau ajunge \u00een Parlament sub form\u0103 de legi.\u00a0<\/p>\n<p data-index=\"2\">Victor Ponta a reu\u015fit s\u0103 dep\u0103\u015feasc\u0103 cu mult \u015fi ceilal\u0163i predecesori ai s\u0103i din acest punct de vedere. Guvernul Adrian N\u0103stase a emis, p\u00e2n\u0103 la 15 iunie 2000, aproape 80 de Ordonan\u0163e de Urgen\u0163\u0103, \u00een timp ce Guvernul T\u0103riceanu nu se poate l\u0103uda dec\u00e2t cu 55.<\/p>\n<\/div>\n<p> Source URL: https:\/\/www.digi24.ro\/stiri\/actualitate\/politica\/numar-record-de-ordonante-de-urgenta-pentru-cabinetul-ponta-89796<\/p>\n","protected":false},"excerpt":{"rendered":"<p>Num\u0103rul mare al actelor normative adoptate \u00een regim de urgen\u0163\u0103 este cu at\u00e2t mai greu de explicat cu c\u00e2t actuala coali\u0163ie de guvernare de\u0163ine 70% din suportul Parlamentului. A\u015fadar, multe dintre aceste ordonan\u0163e puteau ajunge \u00een Parlament sub form\u0103 de legi.\u00a0 Victor Ponta a reu\u015fit s\u0103 dep\u0103\u015feasc\u0103 cu mult \u015fi ceilal\u0163i predecesori ai s\u0103i din [&hellip;]<\/p>\n","protected":false},"author":1,"featured_media":224917,"comment_status":"open","ping_status":"","sticky":false,"template":"","format":"standard","meta":{"footnotes":""},"categories":[2],"tags":[11],"class_list":["post-224916","post","type-post","status-publish","format-standard","has-post-thumbnail","hentry","category-politics","tag-digi24"],"_links":{"self":[{"href":"https:\/\/analyse.optim.biz\/index.php?rest_route=\/wp\/v2\/posts\/224916","targetHints":{"allow":["GET"]}}],"collection":[{"href":"https:\/\/analyse.optim.biz\/index.php?rest_route=\/wp\/v2\/posts"}],"about":[{"href":"https:\/\/analyse.optim.biz\/index.php?rest_route=\/wp\/v2\/types\/post"}],"author":[{"embeddable":true,"href":"https:\/\/analyse.optim.biz\/index.php?rest_route=\/wp\/v2\/users\/1"}],"replies":[{"embeddable":true,"href":"https:\/\/analyse.optim.biz\/index.php?rest_route=%2Fwp%2Fv2%2Fcomments&post=224916"}],"version-history":[{"count":0,"href":"https:\/\/analyse.optim.biz\/index.php?rest_route=\/wp\/v2\/posts\/224916\/revisions"}],"wp:featuredmedia":[{"embeddable":true,"href":"https:\/\/analyse.optim.biz\/index.php?rest_route=\/wp\/v2\/media\/224917"}],"wp:attachment":[{"href":"https:\/\/analyse.optim.biz\/index.php?rest_route=%2Fwp%2Fv2%2Fmedia&parent=224916"}],"wp:term":[{"taxonomy":"category","embeddable":true,"href":"https:\/\/analyse.optim.biz\/index.php?rest_route=%2Fwp%2Fv2%2Fcategories&post=224916"},{"taxonomy":"post_tag","embeddable":true,"href":"https:\/\/analyse.optim.biz\/index.php?rest_route=%2Fwp%2Fv2%2Ftags&post=224916"}],"curies":[{"name":"wp","href":"https:\/\/api.w.org\/{rel}","templated":true}]}}