{"id":224896,"date":"2013-07-09T14:36:20","date_gmt":"2013-07-09T11:36:20","guid":{"rendered":"https:\/\/analyse.optim.biz\/?p=224896"},"modified":"2013-07-09T14:36:20","modified_gmt":"2013-07-09T11:36:20","slug":"titus-corlatean-a-dat-asigurari-moscovei-ca-scutul-de-la-deveselu-este-doar-de-aparare","status":"publish","type":"post","link":"https:\/\/analyse.optim.biz\/?p=224896","title":{"rendered":"Titus Corl\u0103\u021bean a dat asigur\u0103ri Moscovei c\u0103 scutul de la Deveselu este doar de ap\u0103rare"},"content":{"rendered":"<div class=\"entry data-app-meta data-app-meta-article\" data-embed-base-url-canonical=\"https:\/\/www.digi24.ro\/embed\/stiri\/actualitate\/politica\/titus-corlatean-a-dat-asigurari-moscovei-ca-scutul-de-la-deveselu-este-doar-de-aparare-90498\">\n<p data-index=\"1\"><img decoding=\"async\" src=\"https:\/\/analyse.optim.biz\/wp-content\/uploads\/2024\/09\/otrmnmjknjg1yzu2nwrkmte1mzg0y2u3nja0mw-thumb_.jpg\" data-skip-htmlfix=\"1\" title=\"otrmnmjknjg1yzu2nwrkmte1mzg0y2u3nja0mw-thumb_\"><\/p>\n<p data-index=\"2\">Titus Corl\u0103\u0163ean a explicat c\u0103\u00a0interceptorii care urmeaz\u0103 s\u0103 fie amplasa\u0163i \u00een Rom\u00e2nia, \u00een cadrul scutului american antirachet\u0103, nu vor avea \u00eenc\u0103rc\u0103tur\u0103 nuclear\u0103, put\u00e2nd fi folosi\u0163i doar pentru legitim\u0103 ap\u0103rare.<\/p>\n<p data-index=\"3\">\u00cen calitate de \u201estat european \u015fi membru al Alian\u0163ei Nord-Atlantice, Rom\u00e2nia, \u00eempreun\u0103 cu comunitatea interna\u0163ional\u0103, urm\u0103re\u015fte dezvoltarea (&#8230;) oportunit\u0103\u0163ilor legate de rachetele baltistice\u201d, av\u00e2nd \u00een vedere faptul c\u0103 \u201eEuropa este situat\u0103 \u00eentr-o zon\u0103 de posibile ac\u0163iuni\u201d, a spus Corl\u0103\u021bean.<\/p>\n<p data-index=\"4\">\u201eAceast\u0103 abordare este un r\u0103spuns responsabil \u015fi pa\u015fnic. Interceptorii care vor fi amplasa\u0163i \u00een Rom\u00e2nia nu vor avea \u00eenc\u0103rc\u0103tur\u0103 nuclear\u0103. Pot fi folosi\u0163i doar pentru legitim\u0103 ap\u0103rare \u015fi \u00een linie cu normele interna\u0163ionale \u015fi Carta ONU\u201d, a subliniat ministrul rom\u00e2n de externe, pentru Interfax, preluat de Mediafax.<\/p>\n<p data-index=\"5\">\u201eSistemele SUA \u015fi NATO nu sunt \u00een niciun caz \u00eendreptate \u00eempotriva Rusiei\u201d, a ad\u0103ugat ministrul rom\u00e2n de Externe.<\/p>\n<p data-index=\"6\">Referindu-se la garan\u0163iile cerute de Rusia, el a evocat faptul c\u0103 \u201ecele mai solide garan\u0163ii au fost deja prezentate de Alian\u0163\u0103 \u015fi au fost incluse \u00een Declara\u0163ia summitului NATO la Chicago\u201d, iar partea rom\u00e2n\u0103 este interesat\u0103 \u015fi are \u201esperan\u0163e mari \u00een cooperarea NATO-Rusia \u00een acest domeniu pe baz\u0103 de reciprocitate \u015fi transparen\u0163\u0103\u201d.<\/p>\n<p data-index=\"7\">Tot ast\u0103zi, ministrul rus de Externe, Serghei Lavrov, \u00een urma discu\u0163iilor cu omologul s\u0103u rom\u00e2n, Titus Corl\u0103\u0163ean, a declarat c\u0103<a href=\"https:\/\/www.digi24.ro\/stire\/Serghei-Lavrov-dupa-intalnirea-cu-Corlatean-R-Moldova-trebuie-sa-ramana-un-stat-suveran_116110\" data-skip-linkfix=\"1\">\u00a0Rusia continu\u0103 s\u0103 sprijine integritatea teritorial\u0103 a Republicii Moldova<\/a>, care ar trebui s\u0103 \u00ee\u015fi men\u0163in\u0103 suveranitatea.<\/p>\n<\/div>\n<p> Source URL: https:\/\/www.digi24.ro\/stiri\/actualitate\/politica\/titus-corlatean-a-dat-asigurari-moscovei-ca-scutul-de-la-deveselu-este-doar-de-aparare-90498<\/p>\n","protected":false},"excerpt":{"rendered":"<p>Titus Corl\u0103\u0163ean a explicat c\u0103\u00a0interceptorii care urmeaz\u0103 s\u0103 fie amplasa\u0163i \u00een Rom\u00e2nia, \u00een cadrul scutului american antirachet\u0103, nu vor avea \u00eenc\u0103rc\u0103tur\u0103 nuclear\u0103, put\u00e2nd fi folosi\u0163i doar pentru legitim\u0103 ap\u0103rare. \u00cen calitate de \u201estat european \u015fi membru al Alian\u0163ei Nord-Atlantice, Rom\u00e2nia, \u00eempreun\u0103 cu comunitatea interna\u0163ional\u0103, urm\u0103re\u015fte dezvoltarea (&#8230;) oportunit\u0103\u0163ilor legate de rachetele baltistice\u201d, av\u00e2nd \u00een vedere [&hellip;]<\/p>\n","protected":false},"author":1,"featured_media":224897,"comment_status":"open","ping_status":"","sticky":false,"template":"","format":"standard","meta":{"footnotes":""},"categories":[2],"tags":[11],"class_list":["post-224896","post","type-post","status-publish","format-standard","has-post-thumbnail","hentry","category-politics","tag-digi24"],"_links":{"self":[{"href":"https:\/\/analyse.optim.biz\/index.php?rest_route=\/wp\/v2\/posts\/224896","targetHints":{"allow":["GET"]}}],"collection":[{"href":"https:\/\/analyse.optim.biz\/index.php?rest_route=\/wp\/v2\/posts"}],"about":[{"href":"https:\/\/analyse.optim.biz\/index.php?rest_route=\/wp\/v2\/types\/post"}],"author":[{"embeddable":true,"href":"https:\/\/analyse.optim.biz\/index.php?rest_route=\/wp\/v2\/users\/1"}],"replies":[{"embeddable":true,"href":"https:\/\/analyse.optim.biz\/index.php?rest_route=%2Fwp%2Fv2%2Fcomments&post=224896"}],"version-history":[{"count":0,"href":"https:\/\/analyse.optim.biz\/index.php?rest_route=\/wp\/v2\/posts\/224896\/revisions"}],"wp:featuredmedia":[{"embeddable":true,"href":"https:\/\/analyse.optim.biz\/index.php?rest_route=\/wp\/v2\/media\/224897"}],"wp:attachment":[{"href":"https:\/\/analyse.optim.biz\/index.php?rest_route=%2Fwp%2Fv2%2Fmedia&parent=224896"}],"wp:term":[{"taxonomy":"category","embeddable":true,"href":"https:\/\/analyse.optim.biz\/index.php?rest_route=%2Fwp%2Fv2%2Fcategories&post=224896"},{"taxonomy":"post_tag","embeddable":true,"href":"https:\/\/analyse.optim.biz\/index.php?rest_route=%2Fwp%2Fv2%2Ftags&post=224896"}],"curies":[{"name":"wp","href":"https:\/\/api.w.org\/{rel}","templated":true}]}}