{"id":224870,"date":"2013-07-11T07:41:55","date_gmt":"2013-07-11T04:41:55","guid":{"rendered":"https:\/\/analyse.optim.biz\/?p=224870"},"modified":"2013-07-11T07:41:55","modified_gmt":"2013-07-11T04:41:55","slug":"prim-ministrul-francez-isi-incepe-astazi-vizita-oficiala-in-romania-intrevederi-cu-presedintele-si-premierul","status":"publish","type":"post","link":"https:\/\/analyse.optim.biz\/?p=224870","title":{"rendered":"Prim-ministrul francez \u00ee\u0219i \u00eencepe ast\u0103zi vizita oficial\u0103 \u00een Rom\u00e2nia. \u00centrevederi cu pre\u0219edintele \u0219i premierul"},"content":{"rendered":"<div class=\"entry data-app-meta data-app-meta-article\" data-embed-base-url-canonical=\"https:\/\/www.digi24.ro\/embed\/stiri\/actualitate\/politica\/prim-ministrul-francez-isi-incepe-astazi-vizita-oficiala-in-romania-intrevederi-cu-presedintele-si-premierul-91301\">\n<p data-index=\"1\">Ast\u0103zi, cei doi oficiali vor avea o \u00eentrevedere, timp \u00een care mai mul\u0163i membri ai Cabinetului Ponta se vor \u00eent\u00e2lni cu mini\u015ftri francezi.<\/p>\n<p data-index=\"2\">M\u00e2ine, Jean-Marc Ayrault \u015fi Victor Ponta vor merge la Titu, la Centrul tehnic Dacia-Renault, iar \u00een cursul serii vor participa la recep\u0163ia de la Ambasada Fran\u0163ei, organizat\u0103 cu ocazia Zilei Na\u0163ionale a Republicii Franceze.<\/p>\n<p data-index=\"3\">Ultimul premier francez care a efectuat o vizit\u0103 oficial\u0103 la Bucure\u015fti a fost Dominique de Villepin &#8211; la 1 februarie 2007. \u00a0<\/p>\n<\/div>\n<p> Source URL: https:\/\/www.digi24.ro\/stiri\/actualitate\/politica\/prim-ministrul-francez-isi-incepe-astazi-vizita-oficiala-in-romania-intrevederi-cu-presedintele-si-premierul-91301<\/p>\n","protected":false},"excerpt":{"rendered":"<p>Ast\u0103zi, cei doi oficiali vor avea o \u00eentrevedere, timp \u00een care mai mul\u0163i membri ai Cabinetului Ponta se vor \u00eent\u00e2lni cu mini\u015ftri francezi. M\u00e2ine, Jean-Marc Ayrault \u015fi Victor Ponta vor merge la Titu, la Centrul tehnic Dacia-Renault, iar \u00een cursul serii vor participa la recep\u0163ia de la Ambasada Fran\u0163ei, organizat\u0103 cu ocazia Zilei Na\u0163ionale a [&hellip;]<\/p>\n","protected":false},"author":1,"featured_media":224871,"comment_status":"open","ping_status":"","sticky":false,"template":"","format":"standard","meta":{"footnotes":""},"categories":[2],"tags":[11],"class_list":["post-224870","post","type-post","status-publish","format-standard","has-post-thumbnail","hentry","category-politics","tag-digi24"],"_links":{"self":[{"href":"https:\/\/analyse.optim.biz\/index.php?rest_route=\/wp\/v2\/posts\/224870","targetHints":{"allow":["GET"]}}],"collection":[{"href":"https:\/\/analyse.optim.biz\/index.php?rest_route=\/wp\/v2\/posts"}],"about":[{"href":"https:\/\/analyse.optim.biz\/index.php?rest_route=\/wp\/v2\/types\/post"}],"author":[{"embeddable":true,"href":"https:\/\/analyse.optim.biz\/index.php?rest_route=\/wp\/v2\/users\/1"}],"replies":[{"embeddable":true,"href":"https:\/\/analyse.optim.biz\/index.php?rest_route=%2Fwp%2Fv2%2Fcomments&post=224870"}],"version-history":[{"count":0,"href":"https:\/\/analyse.optim.biz\/index.php?rest_route=\/wp\/v2\/posts\/224870\/revisions"}],"wp:featuredmedia":[{"embeddable":true,"href":"https:\/\/analyse.optim.biz\/index.php?rest_route=\/wp\/v2\/media\/224871"}],"wp:attachment":[{"href":"https:\/\/analyse.optim.biz\/index.php?rest_route=%2Fwp%2Fv2%2Fmedia&parent=224870"}],"wp:term":[{"taxonomy":"category","embeddable":true,"href":"https:\/\/analyse.optim.biz\/index.php?rest_route=%2Fwp%2Fv2%2Fcategories&post=224870"},{"taxonomy":"post_tag","embeddable":true,"href":"https:\/\/analyse.optim.biz\/index.php?rest_route=%2Fwp%2Fv2%2Ftags&post=224870"}],"curies":[{"name":"wp","href":"https:\/\/api.w.org\/{rel}","templated":true}]}}