{"id":224848,"date":"2013-07-11T18:31:31","date_gmt":"2013-07-11T15:31:31","guid":{"rendered":"https:\/\/analyse.optim.biz\/?p=224848"},"modified":"2013-07-11T18:31:31","modified_gmt":"2013-07-11T15:31:31","slug":"cultura-politica-oamenii-politici-scriu-gresit-si-vorbesc-agramat","status":"publish","type":"post","link":"https:\/\/analyse.optim.biz\/?p=224848","title":{"rendered":"CULTURA POLITIC\u0102. Oamenii politici scriu gre\u0219it \u0219i vorbesc agramat"},"content":{"rendered":"<div class=\"entry data-app-meta data-app-meta-article\" data-embed-base-url-canonical=\"https:\/\/www.digi24.ro\/embed\/stiri\/actualitate\/politica\/cultura-politica-oamenii-politici-scriu-gresit-si-vorbesc-agramat-91645\">\n<p data-index=\"1\">Cu at\u00e2t mai grav este acest lucru, cu c\u00e2t domnii respectivi sunt toat\u0103 ziua pe ecranele televizoarelor, iar limba lor st\u00e2lcit\u0103 se propag\u0103 \u00een toate col\u0163urile \u0163\u0103rii. Mai deun\u0103zi, \u00eensu\u015fi ministrul Educa\u0163iei a f\u0103cut ni\u015fte gre\u015feli impardonabile: \u201e<strong>Nu a existat subiecte, a existat dec\u00e2t un mesaj\u201d<\/strong>, spunea acesta despre un episod petrecut \u00een timpul examenului de bacalaureat.<\/p>\n<p data-index=\"2\">Nu este singurul ministru care a comis adev\u0103rate sacrilegii \u00eempotriva limbii rom\u00e2ne.\u00a0<strong>Mircea Du\u015fa<\/strong>, bun\u0103oar\u0103, titularul Ap\u0103r\u0103rii Na\u0163ionale, vorbea zilele trecute despre\u00a0<strong>\u201etrupurile ne\u00eensufle\u0163ite ale cadavrelor celor deceda\u0163i\u201d.<\/strong><\/p>\n<p data-index=\"3\">Pre\u015fedintele<strong>\u00a0Traian B\u0103sescu<\/strong>\u00a0spune mereu\u00a0<strong>\u201es\u0103 aibe\u201d<\/strong>, \u00een loc de \u201es\u0103 aib\u0103\u201d \u015fi\u00a0<strong>\u201emi-ar place\u201d<\/strong>\u00a0\u00een loc de \u201emi-ar pl\u0103cea\u201d.<\/p>\n<p data-index=\"4\">Din galeria politicienilor pentru care \u201elimba noastr\u0103-i o comoar\u0103 \u00een ad\u00e2ncuri \u00eenfundat\u0103\u201d nu lipsesc fo\u015ftii mini\u015ftri Liviu Pop sau Traian Iga\u015f, dar nici pre\u015fedintele Senatului, Crin Antonescu.<\/p>\n<p data-index=\"5\">Perlele elevilor de la examenele din acest an au fost deja eclipsate de o interven\u0163ie cel pu\u0163in neinspirat\u0103 a ministrului Educa\u0163iei. Demnitarul a reu\u015fit s\u0103 \u00eencalce \u00eentr-o singur\u0103 fraz\u0103 dou\u0103 reguli elementare ale gramaticii. Nu ar fi primul ministru al Educa\u0163iei, pentru care limba rom\u00e2n\u0103 se dovede\u015fte, ocazional, o povar\u0103. Campion deta\u015fat pare, deocamdat\u0103, fostul ministru,\u00a0<strong>Liviu Pop.<\/strong><\/p>\n<p data-index=\"6\">Nu doar la vorbire \u00eent\u00e2mpin\u0103 politicienii probleme, ci, mai ales, la scris. Cratimele \u015fi virgulele le dau mari b\u0103t\u0103i de cap. Fostul deputat PDL Anca Constantinescu\u00a0<strong>a considerat corect s\u0103 despart\u0103 prin cratim\u0103 forma de plural a verbului a petrece.<\/strong><\/p>\n<p data-index=\"7\">Gre\u015felile de limba rom\u00e2n\u0103 se reg\u0103sesc \u015fi \u00een textul noii Constitu\u0163ii. Reguli simple \u015fi fundamentale sunt \u00eenc\u0103lcate. Nu se pune niciodat\u0103 virgul\u0103 \u00eentre subiect \u015fi predicat, \u015fi nici \u00eentre verb \u015fi complementul direct. Asta am \u00eenv\u0103\u0163at cu to\u0163ii la \u015fcoal\u0103, asta spun \u015fi normele oficiale stabilite de Academia Rom\u00e2n\u0103. \u00centr-un singur articol din forma intermediar\u0103 a noii Constitu\u0163ii sunt \u00eenc\u0103lcate \u00eens\u0103 ambele reguli.\u00a0<strong>O alt\u0103 gre\u015feal\u0103 \u00een proiectul de revizuire a legii fundamentale este folosirea adjectivului \u201emaxim\u201d, acolo unde corect ar fi adverbul \u201emaximum\u201d.<\/strong><\/p>\n<h5>Virgula \u00eentre subiect \u015fi predicat<\/h5>\n<p data-index=\"8\"><strong>Gre\u015fit:\u00a0<\/strong>Suspendarea din func\u0163ie, se va decide \u00een \u015fedin\u0163a comun\u0103 a celor dou\u0103 Camere (art. 109)<br \/><strong>Corect:\u00a0<\/strong>Suspendarea din func\u0163ie se va decide \u00een \u015fedin\u0163a comun\u0103 a celor dou\u0103 Camere<\/p>\n<h5>Virgula \u00eentre predicat \u015fi complementul direct<\/h5>\n<p data-index=\"9\"><strong>Gre\u015fit:\u00a0<\/strong>Primul-ministru va \u00eenainta Pre\u015fedin\u0163ilor celor dou\u0103 Camere ale Parlamentului, o cerere (art. 109)<br \/><strong>Corect:<\/strong>\u00a0Prim-ministrul va \u00eenainta Pre\u015fedin\u0163ilor celor dou\u0103 Camere ale Parlamentului o cerere<\/p>\n<h5>Forma gre\u015fit\u0103 a adverbului \u201emaximum\u201d<\/h5>\n<p data-index=\"10\"><strong>Gre\u015fit<\/strong>: Parlamentul se pronun\u0163\u0103 \u00een termen de maxim 6 luni de la sesizare (art.75)<br \/><strong>Corect:<\/strong>\u00a0\u00een termen de maximum 6 luni \u00a0<\/p>\n<\/div>\n<p> Source URL: https:\/\/www.digi24.ro\/stiri\/actualitate\/politica\/cultura-politica-oamenii-politici-scriu-gresit-si-vorbesc-agramat-91645<\/p>\n","protected":false},"excerpt":{"rendered":"<p>Cu at\u00e2t mai grav este acest lucru, cu c\u00e2t domnii respectivi sunt toat\u0103 ziua pe ecranele televizoarelor, iar limba lor st\u00e2lcit\u0103 se propag\u0103 \u00een toate col\u0163urile \u0163\u0103rii. Mai deun\u0103zi, \u00eensu\u015fi ministrul Educa\u0163iei a f\u0103cut ni\u015fte gre\u015feli impardonabile: \u201eNu a existat subiecte, a existat dec\u00e2t un mesaj\u201d, spunea acesta despre un episod petrecut \u00een timpul examenului [&hellip;]<\/p>\n","protected":false},"author":1,"featured_media":224849,"comment_status":"open","ping_status":"","sticky":false,"template":"","format":"standard","meta":{"footnotes":""},"categories":[2],"tags":[11],"class_list":["post-224848","post","type-post","status-publish","format-standard","has-post-thumbnail","hentry","category-politics","tag-digi24"],"_links":{"self":[{"href":"https:\/\/analyse.optim.biz\/index.php?rest_route=\/wp\/v2\/posts\/224848","targetHints":{"allow":["GET"]}}],"collection":[{"href":"https:\/\/analyse.optim.biz\/index.php?rest_route=\/wp\/v2\/posts"}],"about":[{"href":"https:\/\/analyse.optim.biz\/index.php?rest_route=\/wp\/v2\/types\/post"}],"author":[{"embeddable":true,"href":"https:\/\/analyse.optim.biz\/index.php?rest_route=\/wp\/v2\/users\/1"}],"replies":[{"embeddable":true,"href":"https:\/\/analyse.optim.biz\/index.php?rest_route=%2Fwp%2Fv2%2Fcomments&post=224848"}],"version-history":[{"count":0,"href":"https:\/\/analyse.optim.biz\/index.php?rest_route=\/wp\/v2\/posts\/224848\/revisions"}],"wp:featuredmedia":[{"embeddable":true,"href":"https:\/\/analyse.optim.biz\/index.php?rest_route=\/wp\/v2\/media\/224849"}],"wp:attachment":[{"href":"https:\/\/analyse.optim.biz\/index.php?rest_route=%2Fwp%2Fv2%2Fmedia&parent=224848"}],"wp:term":[{"taxonomy":"category","embeddable":true,"href":"https:\/\/analyse.optim.biz\/index.php?rest_route=%2Fwp%2Fv2%2Fcategories&post=224848"},{"taxonomy":"post_tag","embeddable":true,"href":"https:\/\/analyse.optim.biz\/index.php?rest_route=%2Fwp%2Fv2%2Ftags&post=224848"}],"curies":[{"name":"wp","href":"https:\/\/api.w.org\/{rel}","templated":true}]}}