{"id":224837,"date":"2013-07-11T19:00:19","date_gmt":"2013-07-11T16:00:19","guid":{"rendered":"https:\/\/analyse.optim.biz\/?p=224837"},"modified":"2013-07-11T19:00:19","modified_gmt":"2013-07-11T16:00:19","slug":"reprezentarea-grafica-a-declaratiei-lui-crin-antonescu-contine-o-propozitie-principala-si-16-subordonate","status":"publish","type":"post","link":"https:\/\/analyse.optim.biz\/?p=224837","title":{"rendered":"Reprezentarea grafic\u0103 a declara\u021biei lui Crin Antonescu. Con\u021bine o propozi\u021bie principal\u0103 \u0219i 16 subordonate"},"content":{"rendered":"<div class=\"entry data-app-meta data-app-meta-article\" data-embed-base-url-canonical=\"https:\/\/www.digi24.ro\/embed\/stiri\/actualitate\/politica\/reprezentarea-grafica-a-declaratiei-lui-crin-antonescu-contine-o-propozitie-principala-si-16-subordonate-91648\">\n<p data-index=\"1\"><strong>\u201eEste un mod de vorbire care nu spune nimic. \u00cen spatele acestor vorbe care se \u00een\u0219iruie \u00een diverse propozi\u021bii, nu se spune nimic. Din astfel de fraze, omul nu \u00een\u021belege nimic. Poate da impresia unui snobism intelectual, folosesc neologisme care fac impresie, dar care nu transmit niciun mesaj\u201d<\/strong>, a precizat Monica Busuioc.<\/p>\n<h5>Declara\u021bia f\u0103cut\u0103 de Crin Antonescu:<\/h5>\n<p data-index=\"2\">\u201eAtunci c\u00e2nd pre\u015fedintele Emil Constantinescu mi-a vorbit pentru prima dat\u0103 despre simpozionul dedicat Levantului, v\u0103 m\u0103rturisesc c\u0103 am fost brusc transportat \u00een timp, poate fiindc\u0103 am crescut la Tulcea, portul de la gurile Dun\u0103rii, \u015fi acolo, chiar \u00een anii \u00een care planificarea comunist\u0103 se lupta cu succes \u00eempotriva pitorescului \u015fi a tradi\u0163iei, Levantul era \u015fi este \u00eenc\u0103, \u00eentr-un fel, o realitate palpabil\u0103 \u00een policromia numelor de persoane, \u00een pluralismul comunit\u0103\u0163ilor etnice \u015fi religioase, \u00een bog\u0103\u0163ia \u015fi diversitatea tradi\u0163iilor, \u00een cursul \u00eenc\u0103rcat de istorie al marelui fluviu, care une\u015fte at\u00e2t de vizibil Occidentul \u015fi Orientul, Tulcea p\u0103stra \u015fi mai p\u0103streaz\u0103, \u0163in eu s\u0103 cred, \u00eenc\u0103 o savoare levantin\u0103, pe care tema acestei conferin\u0163e mi-a trezit-o, a\u015fa cum ne treze\u015fte o asemenea tem\u0103 tuturor amintirea copil\u0103riei, aventurile lui Sinbad sau ale lui Ulisse, asem\u0103n\u0103toare \u015fi totodat\u0103 deosebite, \u00een at\u00e2tea feluri, sau amintirea tinere\u0163ii atunci c\u00e2nd eram fascina\u0163i de marea aventur\u0103 a \u00eent\u00e2lnirilor mereu repetate \u015fi, \u00eentr-un fel, mereu e\u015fuate dintre Orient \u015fi Occident, Alexandru cel Mare, succesorii s\u0103i, regatele greco-elenistice ale estului-mediteranean, marea aventur\u0103 a cruciadelor cu Godefroy de Bouillon, Richard Inim\u0103 de Leu, Saladin, cu numele de locurile ale memoriei, tot acel \u0163inut pe care cavalerii templieri sau ospitalieri \u00eel ap\u0103rau \u015fi \u00eel exploatau\u201d.<\/p>\n<p data-index=\"3\"><a href=\"https:\/\/www.digi24.ro\/stire\/CULTURA-POLITICA-Oamenii-politici-scriu-gresit-si-vorbesc-agramat_116677\" target=\"_blank\" data-skip-linkfix=\"1\" rel=\"noopener\"><strong>CULTURA POLITIC\u0102. Oamenii politici scriu gre\u0219it \u0219i vorbesc agramat<\/strong><\/a><\/p>\n<\/div>\n<p> Source URL: https:\/\/www.digi24.ro\/stiri\/actualitate\/politica\/reprezentarea-grafica-a-declaratiei-lui-crin-antonescu-contine-o-propozitie-principala-si-16-subordonate-91648<\/p>\n","protected":false},"excerpt":{"rendered":"<p>\u201eEste un mod de vorbire care nu spune nimic. \u00cen spatele acestor vorbe care se \u00een\u0219iruie \u00een diverse propozi\u021bii, nu se spune nimic. Din astfel de fraze, omul nu \u00een\u021belege nimic. Poate da impresia unui snobism intelectual, folosesc neologisme care fac impresie, dar care nu transmit niciun mesaj\u201d, a precizat Monica Busuioc. Declara\u021bia f\u0103cut\u0103 de [&hellip;]<\/p>\n","protected":false},"author":1,"featured_media":224838,"comment_status":"open","ping_status":"","sticky":false,"template":"","format":"standard","meta":{"footnotes":""},"categories":[2],"tags":[11],"class_list":["post-224837","post","type-post","status-publish","format-standard","has-post-thumbnail","hentry","category-politics","tag-digi24"],"_links":{"self":[{"href":"https:\/\/analyse.optim.biz\/index.php?rest_route=\/wp\/v2\/posts\/224837","targetHints":{"allow":["GET"]}}],"collection":[{"href":"https:\/\/analyse.optim.biz\/index.php?rest_route=\/wp\/v2\/posts"}],"about":[{"href":"https:\/\/analyse.optim.biz\/index.php?rest_route=\/wp\/v2\/types\/post"}],"author":[{"embeddable":true,"href":"https:\/\/analyse.optim.biz\/index.php?rest_route=\/wp\/v2\/users\/1"}],"replies":[{"embeddable":true,"href":"https:\/\/analyse.optim.biz\/index.php?rest_route=%2Fwp%2Fv2%2Fcomments&post=224837"}],"version-history":[{"count":0,"href":"https:\/\/analyse.optim.biz\/index.php?rest_route=\/wp\/v2\/posts\/224837\/revisions"}],"wp:featuredmedia":[{"embeddable":true,"href":"https:\/\/analyse.optim.biz\/index.php?rest_route=\/wp\/v2\/media\/224838"}],"wp:attachment":[{"href":"https:\/\/analyse.optim.biz\/index.php?rest_route=%2Fwp%2Fv2%2Fmedia&parent=224837"}],"wp:term":[{"taxonomy":"category","embeddable":true,"href":"https:\/\/analyse.optim.biz\/index.php?rest_route=%2Fwp%2Fv2%2Fcategories&post=224837"},{"taxonomy":"post_tag","embeddable":true,"href":"https:\/\/analyse.optim.biz\/index.php?rest_route=%2Fwp%2Fv2%2Ftags&post=224837"}],"curies":[{"name":"wp","href":"https:\/\/api.w.org\/{rel}","templated":true}]}}