{"id":224632,"date":"2013-07-16T15:05:22","date_gmt":"2013-07-16T12:05:22","guid":{"rendered":"https:\/\/analyse.optim.biz\/?p=224632"},"modified":"2013-07-16T15:05:22","modified_gmt":"2013-07-16T12:05:22","slug":"premierul-a-discutat-cu-presedintele-despre-numirea-lui-o-silaghi-la-transporturi","status":"publish","type":"post","link":"https:\/\/analyse.optim.biz\/?p=224632","title":{"rendered":"Premierul a discutat cu pre\u0219edintele despre numirea lui O. Silaghi la Transporturi"},"content":{"rendered":"<div class=\"entry data-app-meta data-app-meta-article\" data-embed-base-url-canonical=\"https:\/\/www.digi24.ro\/embed\/stiri\/actualitate\/politica\/premierul-a-discutat-cu-presedintele-despre-numirea-lui-o-silaghi-la-transporturi-93508\">\n<p data-index=\"1\">Victor Ponta a spus c\u0103 pre\u0219edintele se mai g\u00e2nde\u0219te \u00een privin\u021ba acestei nominaliz\u0103ri.<\/p>\n<p data-index=\"2\">Pre\u0219edintele poate refuza o singur\u0103 dat\u0103, motivat, o propunere pentru ocuparea unei func\u021bii de ministru, conform unei decizii a Cur\u021bii Constitu\u021bionale.<\/p>\n<p data-index=\"3\">Azi, liberalii s-au reunit \u00een cadrul unei \u0219edin\u021be a Biroului Politic Na\u021bional, pentru a nominaliza propunerea pentru func\u021bia de ministru al Transporturilor, dup\u0103 revocarea lui Relu Fenechiu.<\/p>\n<p data-index=\"4\">Conform algoritmului politic din cadrul USL, portofoliu revine PNL.<\/p>\n<p data-index=\"5\">Cele mai mari \u0219anse, conform surselor PNL, le-ar avea Ovidiu Silaghi.<\/p>\n<p data-index=\"6\">Liberalul are \u00eens\u0103 \u00een derulare un proces, aflat acum pe rolul \u00cenaltei Cur\u021bi de Casa\u021bie \u0219i Justi\u021bie, dup\u0103 verific\u0103rile inspectorilor Agen\u021biei Na\u021bionale de Integritate, care au descoperit o diferen\u021b\u0103 nejustificat\u0103 \u00eentre veniturile ob\u021binute \u0219i cele declarate.<\/p>\n<\/div>\n<p> Source URL: https:\/\/www.digi24.ro\/stiri\/actualitate\/politica\/premierul-a-discutat-cu-presedintele-despre-numirea-lui-o-silaghi-la-transporturi-93508<\/p>\n","protected":false},"excerpt":{"rendered":"<p>Victor Ponta a spus c\u0103 pre\u0219edintele se mai g\u00e2nde\u0219te \u00een privin\u021ba acestei nominaliz\u0103ri. Pre\u0219edintele poate refuza o singur\u0103 dat\u0103, motivat, o propunere pentru ocuparea unei func\u021bii de ministru, conform unei decizii a Cur\u021bii Constitu\u021bionale. Azi, liberalii s-au reunit \u00een cadrul unei \u0219edin\u021be a Biroului Politic Na\u021bional, pentru a nominaliza propunerea pentru func\u021bia de ministru al [&hellip;]<\/p>\n","protected":false},"author":1,"featured_media":224633,"comment_status":"open","ping_status":"","sticky":false,"template":"","format":"standard","meta":{"footnotes":""},"categories":[2],"tags":[11],"class_list":["post-224632","post","type-post","status-publish","format-standard","has-post-thumbnail","hentry","category-politics","tag-digi24"],"_links":{"self":[{"href":"https:\/\/analyse.optim.biz\/index.php?rest_route=\/wp\/v2\/posts\/224632","targetHints":{"allow":["GET"]}}],"collection":[{"href":"https:\/\/analyse.optim.biz\/index.php?rest_route=\/wp\/v2\/posts"}],"about":[{"href":"https:\/\/analyse.optim.biz\/index.php?rest_route=\/wp\/v2\/types\/post"}],"author":[{"embeddable":true,"href":"https:\/\/analyse.optim.biz\/index.php?rest_route=\/wp\/v2\/users\/1"}],"replies":[{"embeddable":true,"href":"https:\/\/analyse.optim.biz\/index.php?rest_route=%2Fwp%2Fv2%2Fcomments&post=224632"}],"version-history":[{"count":0,"href":"https:\/\/analyse.optim.biz\/index.php?rest_route=\/wp\/v2\/posts\/224632\/revisions"}],"wp:featuredmedia":[{"embeddable":true,"href":"https:\/\/analyse.optim.biz\/index.php?rest_route=\/wp\/v2\/media\/224633"}],"wp:attachment":[{"href":"https:\/\/analyse.optim.biz\/index.php?rest_route=%2Fwp%2Fv2%2Fmedia&parent=224632"}],"wp:term":[{"taxonomy":"category","embeddable":true,"href":"https:\/\/analyse.optim.biz\/index.php?rest_route=%2Fwp%2Fv2%2Fcategories&post=224632"},{"taxonomy":"post_tag","embeddable":true,"href":"https:\/\/analyse.optim.biz\/index.php?rest_route=%2Fwp%2Fv2%2Ftags&post=224632"}],"curies":[{"name":"wp","href":"https:\/\/api.w.org\/{rel}","templated":true}]}}